{"id":1598,"date":"2020-12-07T22:42:25","date_gmt":"2020-12-07T21:42:25","guid":{"rendered":"https:\/\/neu.minderheiten.at\/wordpress\/?p=1598"},"modified":"2025-09-03T14:47:37","modified_gmt":"2025-09-03T12:47:37","slug":"romane-thana-orte-der-roma-und-sinti-2","status":"publish","type":"post","link":"https:\/\/initiative.minderheiten.at\/wordpress\/index.php\/2020\/12\/romane-thana-orte-der-roma-und-sinti-2\/","title":{"rendered":"Romane Thana. Orte der Roma und Sinti | 2015"},"content":{"rendered":"\n<p>Im Mittelpunkt der gemeinsam mit dem Romano Centro, dem Wien Museum und dem Burgenl\u00e4ndischen Landesmuseum gestalteten Ausstellung, standen Beitr\u00e4ge von zw\u00f6lf Autor*innen aus den Rom*nja- und Sinti*zze-Communites. Die Ausstellung gibt Einblicke in die Lebenssituation von Rom*nja und Sinti*zze in \u00d6sterreich und erz\u00e4hlt deren Geschichte und Geschichten. Phasen der Zwangsassimilierung wechselten mit solchen der Ausgrenzung. Im Fokus stehen Orte: die seit dem 18. Jahrhundert bestehenden Siedlungen der Burgendland-Roma ebenso wie traditionelle Pl\u00e4tze in Wien oder Zwangsorte der Verfolgung.<\/p>\n\n\n\n<p><\/p>\n\n\n\n<figure class=\"wp-block-image is-resized\"><a href=\"http:\/\/www.romane-thana.at\/\" target=\"_blank\" rel=\"noopener noreferrer\"><img decoding=\"async\" loading=\"lazy\" src=\"https:\/\/initiative.minderheiten.at\/wordpress\/wp-content\/uploads\/2019\/04\/02_Foto_Ausst-RoTh-724x1024.jpg\" alt=\"\" class=\"wp-image-1589\" width=\"362\" height=\"512\" srcset=\"https:\/\/initiative.minderheiten.at\/wordpress\/wp-content\/uploads\/2019\/04\/02_Foto_Ausst-RoTh-724x1024.jpg 724w, https:\/\/initiative.minderheiten.at\/wordpress\/wp-content\/uploads\/2019\/04\/02_Foto_Ausst-RoTh-212x300.jpg 212w, https:\/\/initiative.minderheiten.at\/wordpress\/wp-content\/uploads\/2019\/04\/02_Foto_Ausst-RoTh-768x1087.jpg 768w, https:\/\/initiative.minderheiten.at\/wordpress\/wp-content\/uploads\/2019\/04\/02_Foto_Ausst-RoTh-520x736.jpg 520w, https:\/\/initiative.minderheiten.at\/wordpress\/wp-content\/uploads\/2019\/04\/02_Foto_Ausst-RoTh.jpg 841w\" sizes=\"(max-width: 362px) 100vw, 362px\" \/><\/a><figcaption class=\"wp-element-caption\">Plakatfoto: \u00a9 Barka Emini, 1999<\/figcaption><\/figure>\n\n\n\n<figure class=\"wp-block-image size-large is-resized is-style-default\"><img decoding=\"async\" loading=\"lazy\" src=\"https:\/\/initiative.minderheiten.at\/wordpress\/wp-content\/uploads\/2019\/05\/Einblick_in_die_Ausstellung_Romane_Thana_Foto_06-1024x768.jpg\" alt=\"\" class=\"wp-image-6308\" width=\"809\" height=\"606\" srcset=\"https:\/\/initiative.minderheiten.at\/wordpress\/wp-content\/uploads\/2019\/05\/Einblick_in_die_Ausstellung_Romane_Thana_Foto_06-1024x768.jpg 1024w, https:\/\/initiative.minderheiten.at\/wordpress\/wp-content\/uploads\/2019\/05\/Einblick_in_die_Ausstellung_Romane_Thana_Foto_06-300x225.jpg 300w, https:\/\/initiative.minderheiten.at\/wordpress\/wp-content\/uploads\/2019\/05\/Einblick_in_die_Ausstellung_Romane_Thana_Foto_06-768x576.jpg 768w, https:\/\/initiative.minderheiten.at\/wordpress\/wp-content\/uploads\/2019\/05\/Einblick_in_die_Ausstellung_Romane_Thana_Foto_06-520x390.jpg 520w, https:\/\/initiative.minderheiten.at\/wordpress\/wp-content\/uploads\/2019\/05\/Einblick_in_die_Ausstellung_Romane_Thana_Foto_06.jpg 1200w\" sizes=\"(max-width: 809px) 100vw, 809px\" \/><figcaption class=\"wp-element-caption\">Ausstellungsanschicht: Wien Museum 2015<br><br><\/figcaption><\/figure>\n\n\n\n<p>Gesch\u00e4tzte 70 bis 90 % der \u00f6sterreichischen Roma wurden in den Vernichtungslagern der Nationalsozialisten ermordet. Die wenigen \u00dcberlebenden standen nach 1945 vor dem Nichts und wurden systematisch benachteiligt. Etliche zogen nach Wien, auch in der Hoffnung, nicht erkennbar zu sein. Der \u00fcberwiegende Teil der heute in \u00d6sterreich lebenden Roma kam als Arbeitsmigrant*innen aus Ost- und S\u00fcdosteuropa. Bis heute leben viele \u201eim Verborgenen\u201c.<\/p>\n\n\n\n<p>Darstellungen von Roma und Sinti stammten \u00fcber Jahrhunderte haupts\u00e4chlich von Nicht Roma. Dazu geh\u00f6ren romantisierende Vorstellungen ebenso wie Bilder der Verachtung. Es existieren kaum historische Selbstzeugnisse. Auf diese Weise wurden Stereotype und Feindbilder festgeschrieben, die letztlich der Legitimation von rassistischer Verfolgung dienten und weiterhin dienen.<\/p>\n\n\n\n<p><\/p>\n\n\n\n<p>Einige Ausstellungsbeitr\u00e4ge:<\/p>\n\n\n\n<p><span class=\"caption-title\"><a href=\"http:\/\/www.romane-thana.at\/kapitel-1.php\" target=\"_blank\" rel=\"noopener noreferrer\">Auftakt: Ein Gespr\u00e4ch \u00fcber Ausstellung zwischen Gilda Horvath und Manuela Horvath<\/a><\/span><\/p>\n\n\n\n<\/p>\r\n<p><a href=\"http:\/\/www.romane-thana.at\/kapitel-10.php\" target=\"_blank\" rel=\"noopener noreferrer\">NS-Verfolgung und V\u00f6lkermord. Mit einem Filmausschnitt von &#8222;Ceija Stoika&#8220; von Karin Berger, 1999<\/a><\/p>\r\n<p><a href=\"http:\/\/www.romane-thana.at\/kapitel-12.php\" target=\"_blank\" rel=\"noopener noreferrer\">Orte der R\u00fcckkehr der \u00dcberlebenden des Genozids<\/a><\/p>\r\n<p><a href=\"http:\/\/www.romane-thana.at\/kapitel-20.php\" target=\"_blank\" rel=\"noopener noreferrer\">Die Gr\u00fcndung der ersten Romavereine<\/a><\/p>\r\n<p><a href=\"http:\/\/www.romane-thana.at\/kapitel-16.php\" target=\"_blank\" rel=\"noopener noreferrer\">Migration aus dem ehemaligen Jugoslawien nach Wien<\/a><\/p>\r\n<p><a href=\"http:\/\/www.romane-thana.at\/kapitel-22.php\" target=\"_blank\" rel=\"noopener noreferrer\">4. Februar 1995 &#8211; der Bombenanschlag von Oberwart. Mit dem Film &#8222;<span class=\"caption-title\">das attentat \u2014 vier opfer vier stimmen&#8220;<\/span><\/a><\/p>\r\n<p>Die Ausstellung wurde ein Jahr sp\u00e4ter, 2016 im Landesmuseum Burgenland und 2017 im Vorarlberg Museum gezeigt.<\/p>\r\n<p>Idee: Andrea H\u00e4rle<\/p>\r\n<p>\n\n\n\n\n\n\n\n<\/p>\r\n<p>Kurator*innen: Andrea H\u00e4rle (Romano Centro), Cornelia Kogoj (Initiative Minderheiten), Werner Michael Schwarz und Susanne Winkler (Wien Museum), Michael Weese (Landesmuseum Burgenland)<\/p>\r\n<p>\n\n\n\n<\/p>\r\n<p>Dokumentarische und k\u00fcnstlerische Beitr\u00e4ge: Gerhard Baumgartner, Usnija Buligovi\u0107, Barka Emini, Robert Gabris, Lilly Habelsberger, Gilda Horvath, Manuela Horvath, Stefan Horvath, Willi S. Horvath, Rabie Peri\u0107, \u017daklina Radosavljevi\u0107, Marius Weigl, Manuel Weinrich und Tamara Weinrich<\/p>\r\n<p>\n\n\n\n<\/p>\r\n<p>Ausstellungsdauer: <br \/>Wien Museum 12. Februar \u2013 17. Mai 2015<br \/>Landesmuseum Burgenland 14. April \u2013 11. November 2016<br \/>Vorarlberg Museum 25. Mai \u2013 08. Oktober 2017<\/p>\r\n<p>\n\n\n\n<\/p>\r\n<p><a href=\"http:\/\/www.romane-thana.at\/rundgang.php\" target=\"_blank\" rel=\"noopener noreferrer\">Zum virtuellen Ausstellungsrundgang<\/a><\/p>\r\n<p>\n\n\n\n<\/p>\r\n<p><a href=\"http:\/\/www.romane-thana.at\/unterricht.php\">Unterrichtsmaterialien f\u00fcr Schulen <\/a><\/p>\r\n<p>\n\n\n\n<\/p>\r\n<p>\n\n\n\n<\/p>\r\n<p><a href=\"https:\/\/initiative.minderheiten.at\/wordpress\/wp-content\/uploads\/2019\/05\/02_Ausstellung-RoTh.pdf\" target=\"_blank\" rel=\"noreferrer noopener\" aria-label=\"Ausstellungsfolder (\u00f6ffnet in neuem Tab)\">Ausstellungsfolder<\/a><\/p>\r\n<p><a href=\"https:\/\/initiative.minderheiten.at\/wordpress\/wp-content\/uploads\/2019\/05\/Plakat_Romane_Thana_Orte_der_Roma_und_Sinti.pdf\">Plakat<\/a><\/p>\r\n<p>\n\n\n\n<\/p>\r\n<p><a href=\"https:\/\/issuu.com\/wienmuseum\/docs\/katalog_romane_thana_issuu?e=8579064\/11406183\" target=\"_blank\" rel=\"noopener noreferrer\">Katalog<\/a> Andrea H\u00e4rle, Cornelia Kogoj, Werner Michael Schwarz, Michael Weese, Susanne Winkler (Hg.*innen): Romane Thana. Orte der Roma und Sinti. Wien, Czernin Verlag, 2015<\/p>\r\n<p>F\u00f6rdergeber*innen: Bundeskanzleramt Kunstsektion, Bundeskanzleramt Volksgruppenf\u00f6rdrung, Bundesministerium f\u00fcr Bildung, ERSTE Stiftung, Zukunftsfonds, Nationalfonds, Wien Kultur, Wiener Stadtwerke<\/p>\r\n<p>&nbsp;<\/p>\r\n<p>\n\n\n\n\n\n<\/p>\r\n<p>&nbsp;<\/p>\r\n<p>\n\n\n\n<\/p>\r\n<p>&nbsp;<\/p>\r\n<p>\n\n\n\n<\/p>\r\n<p>&nbsp;<\/p>\r\n<p>\n\n\n<p><\/p>","protected":false},"excerpt":{"rendered":"<p>Im Mittelpunkt der gemeinsam mit dem Romano Centro, dem Wien Museum und dem Burgenl\u00e4ndischen Landesmuseum gestalteten Ausstellung, standen Beitr\u00e4ge von zw\u00f6lf Autor*innen aus den Rom*nja- und Sinti*zze-Communites. Die Ausstellung gibt Einblicke in die Lebenssituation von Rom*nja und Sinti*zze in \u00d6sterreich&#46;&#46;&#46;<\/p>\n","protected":false},"author":2,"featured_media":1589,"comment_status":"closed","ping_status":"closed","sticky":false,"template":"","format":"standard","meta":[],"categories":[48],"tags":[],"distributor_meta":false,"distributor_terms":false,"distributor_media":false,"distributor_original_site_name":"Initiative Minderheiten","distributor_original_site_url":"https:\/\/initiative.minderheiten.at\/wordpress","_links":{"self":[{"href":"https:\/\/initiative.minderheiten.at\/wordpress\/index.php\/wp-json\/wp\/v2\/posts\/1598"}],"collection":[{"href":"https:\/\/initiative.minderheiten.at\/wordpress\/index.php\/wp-json\/wp\/v2\/posts"}],"about":[{"href":"https:\/\/initiative.minderheiten.at\/wordpress\/index.php\/wp-json\/wp\/v2\/types\/post"}],"author":[{"embeddable":true,"href":"https:\/\/initiative.minderheiten.at\/wordpress\/index.php\/wp-json\/wp\/v2\/users\/2"}],"replies":[{"embeddable":true,"href":"https:\/\/initiative.minderheiten.at\/wordpress\/index.php\/wp-json\/wp\/v2\/comments?post=1598"}],"version-history":[{"count":60,"href":"https:\/\/initiative.minderheiten.at\/wordpress\/index.php\/wp-json\/wp\/v2\/posts\/1598\/revisions"}],"predecessor-version":[{"id":9475,"href":"https:\/\/initiative.minderheiten.at\/wordpress\/index.php\/wp-json\/wp\/v2\/posts\/1598\/revisions\/9475"}],"wp:featuredmedia":[{"embeddable":true,"href":"https:\/\/initiative.minderheiten.at\/wordpress\/index.php\/wp-json\/wp\/v2\/media\/1589"}],"wp:attachment":[{"href":"https:\/\/initiative.minderheiten.at\/wordpress\/index.php\/wp-json\/wp\/v2\/media?parent=1598"}],"wp:term":[{"taxonomy":"category","embeddable":true,"href":"https:\/\/initiative.minderheiten.at\/wordpress\/index.php\/wp-json\/wp\/v2\/categories?post=1598"},{"taxonomy":"post_tag","embeddable":true,"href":"https:\/\/initiative.minderheiten.at\/wordpress\/index.php\/wp-json\/wp\/v2\/tags?post=1598"}],"curies":[{"name":"wp","href":"https:\/\/api.w.org\/{rel}","templated":true}]}}