{"id":1611,"date":"2019-05-07T23:19:14","date_gmt":"2019-05-07T21:19:14","guid":{"rendered":"https:\/\/neu.minderheiten.at\/wordpress\/?p=1611"},"modified":"2025-09-03T14:53:29","modified_gmt":"2025-09-03T12:53:29","slug":"50-jahre-anwerbeabkommen-oesterreich-tuerkei","status":"publish","type":"post","link":"https:\/\/initiative.minderheiten.at\/wordpress\/index.php\/2019\/05\/50-jahre-anwerbeabkommen-oesterreich-tuerkei\/","title":{"rendered":"Geschichte in Zitaten. Eine Plakataktion zum 50-j\u00e4hrigen Jubil\u00e4um des Anwerbeabkommens \u00d6sterreich \u2013 T\u00fcrkei | 2014"},"content":{"rendered":"\n<p><em>Manche wissen noch, dass \u201eGastarbeiter\u201c aus der T\u00fcrkei und aus Jugoslawien aktiv ins Land geholt wurden. Andere werden vielleicht nicken, wenn es hei\u00dft, dass \u00d6sterreich den Wirtschaftsaufschwung in den 1960er und 1970er Jahren in betr\u00e4chtlichem Ausma\u00df diesen \u201eGastarbeitern\u201c verdankt. Aber hat schon wer von \u00d6sterreichs Angst geh\u00f6rt, Arbeitskr\u00e4fte aus der T\u00fcrkei oder Jugoslawien k\u00f6nnten sich f\u00fcr Deutschland oder die Schweiz entscheiden, die attraktivere Arbeitsbedingungen anboten?<\/em><\/p>\n\n\n\n<p><\/p>\n\n\n\n<figure class=\"wp-block-image is-resized\"><img decoding=\"async\" loading=\"lazy\" src=\"https:\/\/initiative.minderheiten.at\/wordpress\/wp-content\/uploads\/2019\/04\/06_Foto_Ausst_Plakat-724x1024.jpg\" alt=\"\" class=\"wp-image-1612\" width=\"404\" height=\"571\" srcset=\"https:\/\/initiative.minderheiten.at\/wordpress\/wp-content\/uploads\/2019\/04\/06_Foto_Ausst_Plakat-724x1024.jpg 724w, https:\/\/initiative.minderheiten.at\/wordpress\/wp-content\/uploads\/2019\/04\/06_Foto_Ausst_Plakat-212x300.jpg 212w, https:\/\/initiative.minderheiten.at\/wordpress\/wp-content\/uploads\/2019\/04\/06_Foto_Ausst_Plakat-768x1086.jpg 768w, https:\/\/initiative.minderheiten.at\/wordpress\/wp-content\/uploads\/2019\/04\/06_Foto_Ausst_Plakat-520x736.jpg 520w\" sizes=\"(max-width: 404px) 100vw, 404px\" \/><\/figure>\n\n\n\n<p><p><em>Grafik: Beatrix Bakondy \u00a9 Initiative Minderheiten<\/em><\/p><\/p>\n\n\n\n<p>Vor 50 Jahren, am 15. Mai 1964, wurde das Abkommen zwischen der Republik \u00d6sterreich und der T\u00fcrkischen Republik \u00fcber die Anwerbung t\u00fcrkischer Arbeitskr\u00e4fte und deren Besch\u00e4ftigung in \u00d6sterreich unterzeichnet. Es war eines von insgesamt drei Anwerbeabkommen, die \u00d6sterreich im Laufe der 1960er Jahre unterzeichnen sollte. Zeitgen\u00f6ssischen Kommentatoren zufolge stellte das Inkrafttreten des Abkommens mit der T\u00fcrkei \u201edas nachtr\u00e4glich geschaffene Legalfundament eines seit geraumer Zeit bestehenden de facto-Zustandes dar&#8220;, denn schon seit Beginn der 1960er Jahre hatten aus der T\u00fcrkei kommende Arbeiterinnen und Arbeiter Besch\u00e4ftigung in \u00d6sterreich gefunden.&nbsp;<\/p>\n\n\n\n<p>Fr\u00fchjahr 2014: 50 Jahre nach der Unterzeichnung des zwischenstaatlichen Abkommens, das bis heute von keinem der Vertragspartner offiziell annulliert worden ist, leben in \u00d6sterreich knapp 250.000 Menschen, die selbst oder deren Eltern oder Gro\u00dfeltern in der T\u00fcrkei geboren wurden. Und diese \u201eT\u00fcrken\u201c haben heute nicht unbedingt das Gef\u00fchl, in diesem Lande willkommen zu sein. Gibt es also etwas zu feiern?<\/p>\n\n\n\n<p>Es wird auch nicht wirklich gefeiert. Kein Staatsakt. Keine koordinierte Aktion zu diesem Jubil\u00e4um. Nur einige wenige, lose Veranstaltungen hier und da.&nbsp;<\/p>\n\n\n\n<p>Unser Projekt ist ein Versuch, die Anf\u00e4nge der Geschichte der Arbeitsmigration in Plakaten aufleben zu lassen. Im Gegensatz zu heute wurde in den 1960er Jahren nicht regelm\u00e4\u00dfig \u00f6ffentlich \u00fcber \u201edie T\u00fcrken\u201c geredet und gemutma\u00dft. Die Gespr\u00e4che liefen im Hintergrund. Die Arbeitsmigration wurde \u201eabgewickelt\u201c, war Teil des Verwaltungsapparats. Die Medien berichteten sporadisch.<\/p>\n\n\n\n<p>Die Plakate bilden Originalzitate aus den Jahren 1962 bis 1964 ab: Zeitungsschlagzeilen, Anforderungsprofile f\u00fcr Arbeitskr\u00e4fte, einen Auszug aus dem Beschwerdebrief eines angeworbenen Arbeiters.&nbsp;<\/p>\n\n\n\n<p>Wir haben Wert darauf gelegt, verschiedene Akteure und Akteurinnen und somit unterschiedliche Perspektiven auf diese Geschichte zum Vorschein zu bringen.<\/p>\n\n\n\n<p>Die Texte sprechen f\u00fcr sich.<\/p>\n\n\n\n<p><strong>Vida Bakondy und Gamze Ongan<\/strong><\/p>\n\n\n\n<hr class=\"wp-block-separator has-alpha-channel-opacity\" \/>\n\n\n\n<p>Ein Projekt von Vida Bakondy und Gamze Ongan f\u00fcr die Initiative Minderheiten in Kooperation mit dem <a rel=\"noreferrer noopener\" href=\"http:\/\/www.archivdermigration.at\/de\/aktuelles\/50-jahre-anwerbeabkommen-%C3%B6sterreich-t%C3%BCrkei\" target=\"_blank\" class=\"broken_link\">Archiv der Migration<\/a>, der GBW Minderheiten und der <a rel=\"noreferrer noopener\" href=\"https:\/\/konzern.oebb.at\/de\/vielfaeltige-oebb\" target=\"_blank\">Diversity Abteilung der \u00d6BB<\/a><\/p>\n\n\n\n<hr class=\"wp-block-separator has-css-opacity\" \/>\n\n\n<div class=\"wp-block-image\">\n<figure class=\"alignleft is-resized\"><img decoding=\"async\" loading=\"lazy\" src=\"https:\/\/initiative.minderheiten.at\/wordpress\/wp-content\/uploads\/2019\/04\/07_Foto_Ausst_Plakat-724x1024.jpg\" alt=\"\" class=\"wp-image-1613\" width=\"362\" height=\"512\" srcset=\"https:\/\/initiative.minderheiten.at\/wordpress\/wp-content\/uploads\/2019\/04\/07_Foto_Ausst_Plakat-724x1024.jpg 724w, https:\/\/initiative.minderheiten.at\/wordpress\/wp-content\/uploads\/2019\/04\/07_Foto_Ausst_Plakat-212x300.jpg 212w, https:\/\/initiative.minderheiten.at\/wordpress\/wp-content\/uploads\/2019\/04\/07_Foto_Ausst_Plakat-768x1086.jpg 768w, https:\/\/initiative.minderheiten.at\/wordpress\/wp-content\/uploads\/2019\/04\/07_Foto_Ausst_Plakat-520x736.jpg 520w\" sizes=\"(max-width: 362px) 100vw, 362px\" \/><\/figure><\/div>\n\n<div class=\"wp-block-image\">\n<figure class=\"alignleft is-resized\"><img decoding=\"async\" loading=\"lazy\" src=\"https:\/\/initiative.minderheiten.at\/wordpress\/wp-content\/uploads\/2019\/04\/08_Foto_Ausst_Plakat-724x1024.jpg\" alt=\"\" class=\"wp-image-1614\" width=\"362\" height=\"512\" srcset=\"https:\/\/initiative.minderheiten.at\/wordpress\/wp-content\/uploads\/2019\/04\/08_Foto_Ausst_Plakat-724x1024.jpg 724w, https:\/\/initiative.minderheiten.at\/wordpress\/wp-content\/uploads\/2019\/04\/08_Foto_Ausst_Plakat-212x300.jpg 212w, https:\/\/initiative.minderheiten.at\/wordpress\/wp-content\/uploads\/2019\/04\/08_Foto_Ausst_Plakat-768x1086.jpg 768w, https:\/\/initiative.minderheiten.at\/wordpress\/wp-content\/uploads\/2019\/04\/08_Foto_Ausst_Plakat-520x736.jpg 520w\" sizes=\"(max-width: 362px) 100vw, 362px\" \/><\/figure><\/div>\n\n<div class=\"wp-block-image\">\n<figure class=\"alignleft is-resized\"><img decoding=\"async\" loading=\"lazy\" src=\"https:\/\/initiative.minderheiten.at\/wordpress\/wp-content\/uploads\/2019\/04\/09_Foto_Ausst_Plakat-724x1024.jpg\" alt=\"\" class=\"wp-image-1615\" width=\"362\" height=\"512\" srcset=\"https:\/\/initiative.minderheiten.at\/wordpress\/wp-content\/uploads\/2019\/04\/09_Foto_Ausst_Plakat-724x1024.jpg 724w, https:\/\/initiative.minderheiten.at\/wordpress\/wp-content\/uploads\/2019\/04\/09_Foto_Ausst_Plakat-212x300.jpg 212w, https:\/\/initiative.minderheiten.at\/wordpress\/wp-content\/uploads\/2019\/04\/09_Foto_Ausst_Plakat-768x1086.jpg 768w, https:\/\/initiative.minderheiten.at\/wordpress\/wp-content\/uploads\/2019\/04\/09_Foto_Ausst_Plakat-520x736.jpg 520w\" sizes=\"(max-width: 362px) 100vw, 362px\" \/><\/figure><\/div>\n\n<div class=\"wp-block-image\">\n<figure class=\"alignleft is-resized\"><img decoding=\"async\" loading=\"lazy\" src=\"https:\/\/initiative.minderheiten.at\/wordpress\/wp-content\/uploads\/2019\/04\/10_Foto_Ausst_Plakat-724x1024.jpg\" alt=\"\" class=\"wp-image-1616\" width=\"362\" height=\"512\" srcset=\"https:\/\/initiative.minderheiten.at\/wordpress\/wp-content\/uploads\/2019\/04\/10_Foto_Ausst_Plakat-724x1024.jpg 724w, https:\/\/initiative.minderheiten.at\/wordpress\/wp-content\/uploads\/2019\/04\/10_Foto_Ausst_Plakat-212x300.jpg 212w, https:\/\/initiative.minderheiten.at\/wordpress\/wp-content\/uploads\/2019\/04\/10_Foto_Ausst_Plakat-768x1086.jpg 768w, https:\/\/initiative.minderheiten.at\/wordpress\/wp-content\/uploads\/2019\/04\/10_Foto_Ausst_Plakat-520x736.jpg 520w\" sizes=\"(max-width: 362px) 100vw, 362px\" \/><\/figure><\/div>\n\n\n<p>&nbsp;<\/p>\n\n\n<div class=\"wp-block-image\">\n<figure class=\"alignleft is-resized\"><img decoding=\"async\" loading=\"lazy\" src=\"https:\/\/initiative.minderheiten.at\/wordpress\/wp-content\/uploads\/2019\/04\/11_Foto_Ausst_Plakat-724x1024.jpg\" alt=\"\" class=\"wp-image-1617\" width=\"362\" height=\"512\" srcset=\"https:\/\/initiative.minderheiten.at\/wordpress\/wp-content\/uploads\/2019\/04\/11_Foto_Ausst_Plakat-724x1024.jpg 724w, https:\/\/initiative.minderheiten.at\/wordpress\/wp-content\/uploads\/2019\/04\/11_Foto_Ausst_Plakat-212x300.jpg 212w, https:\/\/initiative.minderheiten.at\/wordpress\/wp-content\/uploads\/2019\/04\/11_Foto_Ausst_Plakat-768x1086.jpg 768w, https:\/\/initiative.minderheiten.at\/wordpress\/wp-content\/uploads\/2019\/04\/11_Foto_Ausst_Plakat-520x736.jpg 520w\" sizes=\"(max-width: 362px) 100vw, 362px\" \/><\/figure><\/div>\n\n\n<figure class=\"wp-block-image is-resized\"><img decoding=\"async\" loading=\"lazy\" src=\"https:\/\/initiative.minderheiten.at\/wordpress\/wp-content\/uploads\/2019\/04\/12_Foto_Ausst_Plakat-724x1024.jpg\" alt=\"\" class=\"wp-image-1618\" width=\"362\" height=\"512\" srcset=\"https:\/\/initiative.minderheiten.at\/wordpress\/wp-content\/uploads\/2019\/04\/12_Foto_Ausst_Plakat-724x1024.jpg 724w, https:\/\/initiative.minderheiten.at\/wordpress\/wp-content\/uploads\/2019\/04\/12_Foto_Ausst_Plakat-212x300.jpg 212w, https:\/\/initiative.minderheiten.at\/wordpress\/wp-content\/uploads\/2019\/04\/12_Foto_Ausst_Plakat-768x1086.jpg 768w, https:\/\/initiative.minderheiten.at\/wordpress\/wp-content\/uploads\/2019\/04\/12_Foto_Ausst_Plakat-520x736.jpg 520w\" sizes=\"(max-width: 362px) 100vw, 362px\" \/><\/figure>\n\n\n\n<figure class=\"wp-block-image\"><img alt=\"\" \/><\/figure>\n","protected":false},"excerpt":{"rendered":"<p>Manche wissen noch, dass \u201eGastarbeiter\u201c aus der T\u00fcrkei und aus Jugoslawien aktiv ins Land geholt wurden. Andere werden vielleicht nicken, wenn es hei\u00dft, dass \u00d6sterreich den Wirtschaftsaufschwung in den 1960er und 1970er Jahren in betr\u00e4chtlichem Ausma\u00df diesen \u201eGastarbeitern\u201c verdankt. Aber&#46;&#46;&#46;<\/p>\n","protected":false},"author":2,"featured_media":1612,"comment_status":"closed","ping_status":"closed","sticky":false,"template":"","format":"standard","meta":[],"categories":[48],"tags":[],"distributor_meta":false,"distributor_terms":false,"distributor_media":false,"distributor_original_site_name":"Initiative Minderheiten","distributor_original_site_url":"https:\/\/initiative.minderheiten.at\/wordpress","_links":{"self":[{"href":"https:\/\/initiative.minderheiten.at\/wordpress\/index.php\/wp-json\/wp\/v2\/posts\/1611"}],"collection":[{"href":"https:\/\/initiative.minderheiten.at\/wordpress\/index.php\/wp-json\/wp\/v2\/posts"}],"about":[{"href":"https:\/\/initiative.minderheiten.at\/wordpress\/index.php\/wp-json\/wp\/v2\/types\/post"}],"author":[{"embeddable":true,"href":"https:\/\/initiative.minderheiten.at\/wordpress\/index.php\/wp-json\/wp\/v2\/users\/2"}],"replies":[{"embeddable":true,"href":"https:\/\/initiative.minderheiten.at\/wordpress\/index.php\/wp-json\/wp\/v2\/comments?post=1611"}],"version-history":[{"count":29,"href":"https:\/\/initiative.minderheiten.at\/wordpress\/index.php\/wp-json\/wp\/v2\/posts\/1611\/revisions"}],"predecessor-version":[{"id":7738,"href":"https:\/\/initiative.minderheiten.at\/wordpress\/index.php\/wp-json\/wp\/v2\/posts\/1611\/revisions\/7738"}],"wp:featuredmedia":[{"embeddable":true,"href":"https:\/\/initiative.minderheiten.at\/wordpress\/index.php\/wp-json\/wp\/v2\/media\/1612"}],"wp:attachment":[{"href":"https:\/\/initiative.minderheiten.at\/wordpress\/index.php\/wp-json\/wp\/v2\/media?parent=1611"}],"wp:term":[{"taxonomy":"category","embeddable":true,"href":"https:\/\/initiative.minderheiten.at\/wordpress\/index.php\/wp-json\/wp\/v2\/categories?post=1611"},{"taxonomy":"post_tag","embeddable":true,"href":"https:\/\/initiative.minderheiten.at\/wordpress\/index.php\/wp-json\/wp\/v2\/tags?post=1611"}],"curies":[{"name":"wp","href":"https:\/\/api.w.org\/{rel}","templated":true}]}}