{"id":2071,"date":"2019-03-12T19:40:53","date_gmt":"2019-03-12T18:40:53","guid":{"rendered":"https:\/\/neu.minderheiten.at\/wordpress\/?p=2071"},"modified":"2025-08-25T10:02:04","modified_gmt":"2025-08-25T08:02:04","slug":"weitere-projekte","status":"publish","type":"post","link":"https:\/\/initiative.minderheiten.at\/wordpress\/index.php\/2019\/03\/weitere-projekte\/","title":{"rendered":"Theaterprojekt: Liebesforschung &#8211; Istra\u017eivanje ljubavi &#8211; Rodimos e kamlipesko | 2006"},"content":{"rendered":"\n\n\n<p>Im Jahr 2006 wurde in Kooperation mit dem Verein Romani dori im dieTheater K\u00fcnstlerhaus das dreisprachige Roma-Theaterst\u00fcck &#8222;Liebesforschung \/ Istra\u017eivanje ljubavi \/ Rodimos e kamlipesko&#8220; aufgef\u00fchrt.<\/p>\n\n\n\n<p><em>\u201eEin groteskes Melodram in prek\u00e4ren Zonen, ein dreisprachiges Theaterst\u00fcck mit viel Musik, <\/em><em>das die vom Arbeitsmarkt verschm\u00e4hte Arbeitskraft und Intelligenz von zumeist aus Ex-Jugoslawien gefl\u00fcchteten Roma in den Dienst des Vergn\u00fcgens stellt. Wer liebt wen warum <\/em><em>und wie? Diese Fragen werden den Abdruck des Stiefels der Diskriminierung im weichen Matsch der Liebesillusionen nachzeichnen.\u201c<\/em> (Presseaussendung)<\/p>\n\n\n\n<figure class=\"wp-block-image is-resized\"><img decoding=\"async\" loading=\"lazy\" src=\"https:\/\/initiative.minderheiten.at\/wordpress\/wp-content\/uploads\/2019\/05\/11_Kultur_Liebes-790x1024.jpg\" alt=\"\" class=\"wp-image-2072\" width=\"395\" height=\"512\" srcset=\"https:\/\/initiative.minderheiten.at\/wordpress\/wp-content\/uploads\/2019\/05\/11_Kultur_Liebes-790x1024.jpg 790w, https:\/\/initiative.minderheiten.at\/wordpress\/wp-content\/uploads\/2019\/05\/11_Kultur_Liebes-231x300.jpg 231w, https:\/\/initiative.minderheiten.at\/wordpress\/wp-content\/uploads\/2019\/05\/11_Kultur_Liebes-768x996.jpg 768w, https:\/\/initiative.minderheiten.at\/wordpress\/wp-content\/uploads\/2019\/05\/11_Kultur_Liebes-520x674.jpg 520w, https:\/\/initiative.minderheiten.at\/wordpress\/wp-content\/uploads\/2019\/05\/11_Kultur_Liebes.jpg 1934w\" sizes=\"(max-width: 395px) 100vw, 395px\" \/><figcaption class=\"wp-element-caption\">Auff\u00fchrung von Rodimos e kamlipesko \/ Liebesforschung im dieTheater K\u00fcnstlerhaus, 2006<\/figcaption><\/figure>\n\n\n\n<ul>\n<li>Regie: Tina Leisch<\/li>\n<\/ul>\n\n\n\n<ul>\n<li>Projektkoordination: Ljubomir Brati\u0107, Cornelia Kogoj (Initiative Minderheiten) und Boban Stojkov (Romani dori)<\/li>\n\n\n\n<li>Darsteller_innen\/ glumci i glumice: Sandra Selimovi\u0107, Matilda Leko, Elisabeth L\u00f6ffler, Ana Stefanovi\u0107, Radi\u0161a Barbul, Lisa Mrsi\u0107, Robert Jankovi\u0107, Sa\u0161a Barbul, \u017delko Novakov, Bobana Stojkov, Melisa Markovi\u0107, Simonida Jovanovi\u0107, Zoran Radu, Vladimir Markovi\u0107, u.a.<\/li>\n\n\n\n<li>Musik: Harri Stojka Gipsysoul mit Matilda Leko, Goran Elvis &amp; Meneka<\/li>\n\n\n\n<li>Text: Ljubomir Brati\u0107, Slavomir Boban Stojkov, Tina Leisch<\/li>\n\n\n\n<li>Choreographie: Zoran Bogdanovi\u0107<\/li>\n\n\n\n<li>B\u00fchnenbild: Gudrun Lenk-Wane<\/li>\n\n\n\n<li>Regieassistenz und Schauspieltraining: Ana Stefanovi\u0107<\/li>\n\n\n\n<li>Produktionsassistenz: Eva Moschitz<\/li>\n\n\n\n<li>Kost\u00fcme: Adam Bryjka<\/li>\n\n\n\n<li>Administration: Helga Kovrigar<\/li>\n\n\n\n<li>Finanzen: Sabine Schwaighofer<\/li>\n<\/ul>\n\n\n\n<p><a href=\"https:\/\/initiative.minderheiten.at\/wordpress\/wp-content\/uploads\/2019\/05\/05_Liebesforschung_Plakat.pdf\">Plakat Liebesforschung<\/a><\/p>\n\n\n\n<p>Artikel im Standard: <a rel=\"noopener noreferrer\" href=\"https:\/\/www.derstandard.at\/story\/2646006\/liebesforschung-gegen-exotische-klischeebilder\" target=\"_blank\">&#8222;Liebesforschung&#8220; gegen exotische Klischeebilder<\/a><\/p>\n\n\n\n<p>Gef\u00f6rdert aus Mitteln des BMWA-Bundesministerium f\u00fcr Wirtschaft und Arbeit und ESF-Europ\u00e4ischer Sozialfonds<\/p>\n\n\n\n\n","protected":false},"excerpt":{"rendered":"<p>Im Jahr 2006 wurde in Kooperation mit dem Verein Romani dori im dieTheater K\u00fcnstlerhaus das dreisprachige Roma-Theaterst\u00fcck &#8222;Liebesforschung \/ Istra\u017eivanje ljubavi \/ Rodimos e kamlipesko&#8220; aufgef\u00fchrt. \u201eEin groteskes Melodram in prek\u00e4ren Zonen, ein dreisprachiges Theaterst\u00fcck mit viel Musik, das die&#46;&#46;&#46;<\/p>\n","protected":false},"author":2,"featured_media":2072,"comment_status":"closed","ping_status":"closed","sticky":false,"template":"","format":"standard","meta":[],"categories":[50],"tags":[],"distributor_meta":false,"distributor_terms":false,"distributor_media":false,"distributor_original_site_name":"Initiative Minderheiten","distributor_original_site_url":"https:\/\/initiative.minderheiten.at\/wordpress","_links":{"self":[{"href":"https:\/\/initiative.minderheiten.at\/wordpress\/index.php\/wp-json\/wp\/v2\/posts\/2071"}],"collection":[{"href":"https:\/\/initiative.minderheiten.at\/wordpress\/index.php\/wp-json\/wp\/v2\/posts"}],"about":[{"href":"https:\/\/initiative.minderheiten.at\/wordpress\/index.php\/wp-json\/wp\/v2\/types\/post"}],"author":[{"embeddable":true,"href":"https:\/\/initiative.minderheiten.at\/wordpress\/index.php\/wp-json\/wp\/v2\/users\/2"}],"replies":[{"embeddable":true,"href":"https:\/\/initiative.minderheiten.at\/wordpress\/index.php\/wp-json\/wp\/v2\/comments?post=2071"}],"version-history":[{"count":36,"href":"https:\/\/initiative.minderheiten.at\/wordpress\/index.php\/wp-json\/wp\/v2\/posts\/2071\/revisions"}],"predecessor-version":[{"id":9520,"href":"https:\/\/initiative.minderheiten.at\/wordpress\/index.php\/wp-json\/wp\/v2\/posts\/2071\/revisions\/9520"}],"wp:featuredmedia":[{"embeddable":true,"href":"https:\/\/initiative.minderheiten.at\/wordpress\/index.php\/wp-json\/wp\/v2\/media\/2072"}],"wp:attachment":[{"href":"https:\/\/initiative.minderheiten.at\/wordpress\/index.php\/wp-json\/wp\/v2\/media?parent=2071"}],"wp:term":[{"taxonomy":"category","embeddable":true,"href":"https:\/\/initiative.minderheiten.at\/wordpress\/index.php\/wp-json\/wp\/v2\/categories?post=2071"},{"taxonomy":"post_tag","embeddable":true,"href":"https:\/\/initiative.minderheiten.at\/wordpress\/index.php\/wp-json\/wp\/v2\/tags?post=2071"}],"curies":[{"name":"wp","href":"https:\/\/api.w.org\/{rel}","templated":true}]}}