{"id":3318,"date":"2020-02-15T23:26:26","date_gmt":"2020-02-15T22:26:26","guid":{"rendered":"https:\/\/initiative.minderheiten.at\/wordpress\/?p=3318"},"modified":"2025-08-26T10:58:46","modified_gmt":"2025-08-26T08:58:46","slug":"die-andere-hymne-minderheitenstimmen-zum-nationalfeiertag","status":"publish","type":"post","link":"https:\/\/initiative.minderheiten.at\/wordpress\/index.php\/2020\/02\/die-andere-hymne-minderheitenstimmen-zum-nationalfeiertag\/","title":{"rendered":"Die andere Hymne. Minderheitenstimmen zum Nationalfeiertag | 2005"},"content":{"rendered":"\n<p><\/p>\n\n\n\n<figure class=\"wp-block-image is-resized\"><img decoding=\"async\" loading=\"lazy\" src=\"https:\/\/initiative.minderheiten.at\/wordpress\/wp-content\/uploads\/2020\/02\/Bildschirmfoto-2020-02-27-um-15.40.07-1-300x90.png\" alt=\"\" class=\"wp-image-3582\" width=\"462\" height=\"139\" srcset=\"https:\/\/initiative.minderheiten.at\/wordpress\/wp-content\/uploads\/2020\/02\/Bildschirmfoto-2020-02-27-um-15.40.07-1-300x90.png 300w, https:\/\/initiative.minderheiten.at\/wordpress\/wp-content\/uploads\/2020\/02\/Bildschirmfoto-2020-02-27-um-15.40.07-1-520x156.png 520w, https:\/\/initiative.minderheiten.at\/wordpress\/wp-content\/uploads\/2020\/02\/Bildschirmfoto-2020-02-27-um-15.40.07-1.png 645w\" sizes=\"(max-width: 462px) 100vw, 462px\" \/><\/figure>\n\n\n\n<p><\/p>\n\n\n<p>Am 26. Oktober 2005 pr\u00e4sentierte die Initiative Minderheiten anl\u00e4sslich des \u00f6sterreichischen Nationalfeiertags in der Sargfabrik in Wien inoffizielle \u201eMinderheitenhymnen\u201c. Es waren Lieder, die verschiedene Minderheitengruppen als &#8222;ihre&#8220; Hymnen verstehen. Lieder, die als Gegenstimmen zu offiziellen Hymnen gesungen und gespielt werden und den&nbsp; Zusammenhalt von diskriminierten Gruppen verst\u00e4rken. Wie etwa die &#8222;heimliche&#8220; Hymne des ehemaligen Jugoslawiens &#8222;Jugoslavijo&#8220;, oder die Romahymne &#8222;Djelem, Djelem&#8220;.<\/p>\n<p>Die ausf\u00fchrenden Musiker*innen der Pr\u00e4sentation in der Sargfabrik waren: die burgenl\u00e4ndisch-kroatische Rockgruppe Bruji, Alexandra Tehovnik &amp; Co., die K\u00e4rntner-slowenische Rockgruppe Bali\u0161, das Romaensemble Ru\u017ea Nikoli\u0107 Lakatos, der Chor des Klubs slowenischer Studentinnen und Studenten in Wien \/ Zbor kluba slovenskih \u0161tudentk in \u0161tudentov na Dunaja (Klavier: Harald Huber) und das Tu\u011flu-T\u0131rpan-Project &amp; guests.<\/p>\n<p><!-- \/wp:paragraph --><!-- wp:list --><!-- \/wp:list --><!-- wp:paragraph -->Komponist*innen und Autor*innen: alle Mitwirkenden sowie Helga Pankratz (f\u00fcr die Lesben- und Schwulenhymne) und Erwin Riess (f\u00fcr die Behindertenhymne)<\/p>\n<p><!-- \/wp:paragraph --><!-- wp:list --><!-- \/wp:list --><!-- wp:list -->Chor Arrangement: Harald Huber<\/p>\n<p>Idee, Konzeption und Projektleitung: Ursula Hemetek<\/p>\n<p><a href=\"https:\/\/initiative.minderheiten.at\/wordpress\/wp-content\/uploads\/2020\/02\/Folder-Die-andere-Hymne.pdf\">Folder<\/a><\/p>\n<p>Grafik Folder: Sascha Reichstein<\/p>\n<p>In Kooperation mit der Gr\u00fcnen Bildungswerkstatt Minderheiten, den \u00d6sterreichischen Dialektautor*innen und dem Institut f\u00fcr Volksmusikforschung und Ethnomusikologie an der Universit\u00e4t f\u00fcr Musik und darstellende Kunst Wien<\/p>\n<p>Gef\u00f6rdert durch Wien Kultur und Bundeskanzleramt Kunst<\/p>\n<p><!-- \/wp:heading --><\/p>\n<p><!-- wp:paragraph --><\/p>\n<p><!-- \/wp:paragraph --><\/p>\n<p><!-- wp:list --><!-- \/wp:list --><\/p>\n<p><!-- wp:paragraph --><\/p>\n<p><!-- \/wp:paragraph --><\/p>\n<p><!-- wp:list --><!-- \/wp:list --><\/p>\n<p><!-- wp:paragraph --><\/p>\n<p><!-- \/wp:paragraph --><\/p>\n<p><!-- wp:list --><!-- \/wp:list --><\/p>\n<p><!-- wp:list --><\/p>\n<p><!-- \/wp:list --><\/p>\n<p><!-- wp:list --><\/p>","protected":false},"excerpt":{"rendered":"<p>Am 26. Oktober 2005 pr\u00e4sentierte die Initiative Minderheiten anl\u00e4sslich des \u00f6sterreichischen Nationalfeiertags in der Sargfabrik in Wien inoffizielle \u201eMinderheitenhymnen\u201c. Es waren Lieder, die verschiedene Minderheitengruppen als &#8222;ihre&#8220; Hymnen verstehen. Lieder, die als Gegenstimmen zu offiziellen Hymnen gesungen und gespielt werden&#46;&#46;&#46;<\/p>\n","protected":false},"author":5,"featured_media":3582,"comment_status":"closed","ping_status":"closed","sticky":false,"template":"","format":"standard","meta":[],"categories":[50],"tags":[],"distributor_meta":false,"distributor_terms":false,"distributor_media":false,"distributor_original_site_name":"Initiative Minderheiten","distributor_original_site_url":"https:\/\/initiative.minderheiten.at\/wordpress","_links":{"self":[{"href":"https:\/\/initiative.minderheiten.at\/wordpress\/index.php\/wp-json\/wp\/v2\/posts\/3318"}],"collection":[{"href":"https:\/\/initiative.minderheiten.at\/wordpress\/index.php\/wp-json\/wp\/v2\/posts"}],"about":[{"href":"https:\/\/initiative.minderheiten.at\/wordpress\/index.php\/wp-json\/wp\/v2\/types\/post"}],"author":[{"embeddable":true,"href":"https:\/\/initiative.minderheiten.at\/wordpress\/index.php\/wp-json\/wp\/v2\/users\/5"}],"replies":[{"embeddable":true,"href":"https:\/\/initiative.minderheiten.at\/wordpress\/index.php\/wp-json\/wp\/v2\/comments?post=3318"}],"version-history":[{"count":26,"href":"https:\/\/initiative.minderheiten.at\/wordpress\/index.php\/wp-json\/wp\/v2\/posts\/3318\/revisions"}],"predecessor-version":[{"id":9562,"href":"https:\/\/initiative.minderheiten.at\/wordpress\/index.php\/wp-json\/wp\/v2\/posts\/3318\/revisions\/9562"}],"wp:featuredmedia":[{"embeddable":true,"href":"https:\/\/initiative.minderheiten.at\/wordpress\/index.php\/wp-json\/wp\/v2\/media\/3582"}],"wp:attachment":[{"href":"https:\/\/initiative.minderheiten.at\/wordpress\/index.php\/wp-json\/wp\/v2\/media?parent=3318"}],"wp:term":[{"taxonomy":"category","embeddable":true,"href":"https:\/\/initiative.minderheiten.at\/wordpress\/index.php\/wp-json\/wp\/v2\/categories?post=3318"},{"taxonomy":"post_tag","embeddable":true,"href":"https:\/\/initiative.minderheiten.at\/wordpress\/index.php\/wp-json\/wp\/v2\/tags?post=3318"}],"curies":[{"name":"wp","href":"https:\/\/api.w.org\/{rel}","templated":true}]}}