{"id":4632,"date":"2020-11-21T14:32:28","date_gmt":"2020-11-21T13:32:28","guid":{"rendered":"https:\/\/initiative.minderheiten.at\/wordpress\/?p=4632"},"modified":"2025-09-03T14:47:57","modified_gmt":"2025-09-03T12:47:57","slug":"nach-der-flucht-aus-ex-jugoslawien-nach-wien-geschichten-von-gefluechteten-in-den-1990er-jahren-2","status":"publish","type":"post","link":"https:\/\/initiative.minderheiten.at\/wordpress\/index.php\/2020\/11\/nach-der-flucht-aus-ex-jugoslawien-nach-wien-geschichten-von-gefluechteten-in-den-1990er-jahren-2\/","title":{"rendered":"Nach der Flucht. Aus Ex-Jugoslawien nach Wien \u2013 Geschichten von Gefl\u00fcchteten in den 1990er Jahren | 2020"},"content":{"rendered":"\n<p><strong>Ausstellungsdauer: 15. September bis 14. November 2020, Hauptb\u00fccherei am G\u00fcrtel, Wien<\/strong><\/p>\n\n\n\n<p>Eine Ausstellung von Vida Bakondy und Amila \u0160irbegovi\u0107 f\u00fcr die Initiative Minderheiten, in Kooperation mit den B\u00fcchereien der Stadt Wien. <\/p>\n\n\n\n<figure class=\"wp-block-image is-resized\"><img decoding=\"async\" loading=\"lazy\" src=\"https:\/\/initiative.minderheiten.at\/wordpress\/wp-content\/uploads\/2021\/03\/img_2665-1024x768.jpg\" alt=\"\" class=\"wp-image-4651\" width=\"538\" height=\"403\" srcset=\"https:\/\/initiative.minderheiten.at\/wordpress\/wp-content\/uploads\/2021\/03\/img_2665-1024x768.jpg 1024w, https:\/\/initiative.minderheiten.at\/wordpress\/wp-content\/uploads\/2021\/03\/img_2665-300x225.jpg 300w, https:\/\/initiative.minderheiten.at\/wordpress\/wp-content\/uploads\/2021\/03\/img_2665-768x576.jpg 768w, https:\/\/initiative.minderheiten.at\/wordpress\/wp-content\/uploads\/2021\/03\/img_2665-520x390.jpg 520w, https:\/\/initiative.minderheiten.at\/wordpress\/wp-content\/uploads\/2021\/03\/img_2665.jpg 1600w\" sizes=\"(max-width: 538px) 100vw, 538px\" \/><figcaption class=\"wp-element-caption\">Die beiden Ausstellungskuratorinnen Amila \u0160irbegovi\u0107 und Vida Bakondy <br> \u00a9 Sabine Schwaighofer <\/figcaption><\/figure>\n\n\n\n<p>Ausstellungsdisplay und Grafik: Toledo i Dertschei<\/p>\n\n\n\n<p>Mitwirkende Zeitzeug*innen: Adisa Beganovi\u0107, Nermin Nero Behari\u0107, \u010caslav Brukner, Radmila Erceg, Azra Merd\u017ean, Selma Ni\u0161i\u0107, Dragan Perak, Mislav Plav\u0161a, Javorka Finci-Pocrnja, Predrag Pocrnja, Miroslav Prstojevi\u0107, Sanda Schmidjell, Amila \u0160irbegovi\u0107, Edita Tolo<\/p>\n\n\n\n<p>Gef\u00f6rdert aus Mitteln der der Integrationsabteilung der Stadt Wien<\/p>\n\n\n\n<p>Nach der Flucht widmet sich den Geschichten von Menschen, die im Zuge des kriegerischen Zerfalls Jugoslawiens zu Beginn der 1990er Jahre aus ihrem Land fl\u00fcchten mussten und in Wien ein neues Zuhause fanden. Mit \u00fcber 100.000 aufgenommenen Kriegsfl\u00fcchtlingen war \u00d6sterreich ein zentraler Fluchtpunkt, wobei die gr\u00f6\u00dfte Gruppe mit 85.000 Schutzsuchenden aus Bosnien und Herzegowina stammte. Ungef\u00e4hr zwei Drittel von ihnen blieben dauerhaft in \u00d6sterreich. 25 Jahre nach dem offiziellen Kriegsende in Bosnien sp\u00fcrt die Ausstellung anhand pers\u00f6nlicher Erinnerungsst\u00fccke den Biografien von 14 Wiener*innen nach. Die gezeigten Objekte schlagen eine Br\u00fccke zwischen ihrem Leben vor der Flucht und danach. Sie vermitteln Einblicke in individuelle Erfahrungen von Krieg, Flucht und Neubeginn.<\/p>\n\n\n\n<figure class=\"wp-block-image is-resized\"><img decoding=\"async\" loading=\"lazy\" src=\"https:\/\/initiative.minderheiten.at\/wordpress\/wp-content\/uploads\/2021\/03\/IMG_0809-Kopie-1024x682.jpg\" alt=\"\" class=\"wp-image-4653\" width=\"518\" height=\"344\" srcset=\"https:\/\/initiative.minderheiten.at\/wordpress\/wp-content\/uploads\/2021\/03\/IMG_0809-Kopie-1024x682.jpg 1024w, https:\/\/initiative.minderheiten.at\/wordpress\/wp-content\/uploads\/2021\/03\/IMG_0809-Kopie-300x200.jpg 300w, https:\/\/initiative.minderheiten.at\/wordpress\/wp-content\/uploads\/2021\/03\/IMG_0809-Kopie-768x512.jpg 768w, https:\/\/initiative.minderheiten.at\/wordpress\/wp-content\/uploads\/2021\/03\/IMG_0809-Kopie-520x346.jpg 520w, https:\/\/initiative.minderheiten.at\/wordpress\/wp-content\/uploads\/2021\/03\/IMG_0809-Kopie.jpg 1600w\" sizes=\"(max-width: 518px) 100vw, 518px\" \/><figcaption class=\"wp-element-caption\">\u00a9 Sabine Schwaighofer<\/figcaption><\/figure>\n\n\n\n<figure class=\"wp-block-image is-resized\"><img decoding=\"async\" loading=\"lazy\" src=\"https:\/\/initiative.minderheiten.at\/wordpress\/wp-content\/uploads\/2021\/03\/IMG_0750-Kopie-1024x682.jpg\" alt=\"\" class=\"wp-image-4654\" width=\"525\" height=\"349\" srcset=\"https:\/\/initiative.minderheiten.at\/wordpress\/wp-content\/uploads\/2021\/03\/IMG_0750-Kopie-1024x682.jpg 1024w, https:\/\/initiative.minderheiten.at\/wordpress\/wp-content\/uploads\/2021\/03\/IMG_0750-Kopie-300x200.jpg 300w, https:\/\/initiative.minderheiten.at\/wordpress\/wp-content\/uploads\/2021\/03\/IMG_0750-Kopie-768x512.jpg 768w, https:\/\/initiative.minderheiten.at\/wordpress\/wp-content\/uploads\/2021\/03\/IMG_0750-Kopie-520x346.jpg 520w, https:\/\/initiative.minderheiten.at\/wordpress\/wp-content\/uploads\/2021\/03\/IMG_0750-Kopie.jpg 1600w\" sizes=\"(max-width: 525px) 100vw, 525px\" \/><figcaption class=\"wp-element-caption\">\u00a9 Sabine Schwaighofer<\/figcaption><\/figure>\n\n\n\n<figure class=\"wp-block-image is-resized\"><img decoding=\"async\" loading=\"lazy\" src=\"https:\/\/initiative.minderheiten.at\/wordpress\/wp-content\/uploads\/2021\/03\/IMG_0743-Kopie-1024x682.jpg\" alt=\"\" class=\"wp-image-4655\" width=\"525\" height=\"349\" srcset=\"https:\/\/initiative.minderheiten.at\/wordpress\/wp-content\/uploads\/2021\/03\/IMG_0743-Kopie-1024x682.jpg 1024w, https:\/\/initiative.minderheiten.at\/wordpress\/wp-content\/uploads\/2021\/03\/IMG_0743-Kopie-300x200.jpg 300w, https:\/\/initiative.minderheiten.at\/wordpress\/wp-content\/uploads\/2021\/03\/IMG_0743-Kopie-768x512.jpg 768w, https:\/\/initiative.minderheiten.at\/wordpress\/wp-content\/uploads\/2021\/03\/IMG_0743-Kopie-520x346.jpg 520w, https:\/\/initiative.minderheiten.at\/wordpress\/wp-content\/uploads\/2021\/03\/IMG_0743-Kopie.jpg 1600w\" sizes=\"(max-width: 525px) 100vw, 525px\" \/><figcaption class=\"wp-element-caption\">\u00a9 Sabine Schwaighofer<\/figcaption><\/figure>\n\n\n\n<figure class=\"wp-block-image is-resized\"><img decoding=\"async\" loading=\"lazy\" src=\"https:\/\/initiative.minderheiten.at\/wordpress\/wp-content\/uploads\/2021\/03\/img_2671-Kopie-1024x768.jpg\" alt=\"\" class=\"wp-image-4656\" width=\"531\" height=\"398\" srcset=\"https:\/\/initiative.minderheiten.at\/wordpress\/wp-content\/uploads\/2021\/03\/img_2671-Kopie-1024x768.jpg 1024w, https:\/\/initiative.minderheiten.at\/wordpress\/wp-content\/uploads\/2021\/03\/img_2671-Kopie-300x225.jpg 300w, https:\/\/initiative.minderheiten.at\/wordpress\/wp-content\/uploads\/2021\/03\/img_2671-Kopie-768x576.jpg 768w, https:\/\/initiative.minderheiten.at\/wordpress\/wp-content\/uploads\/2021\/03\/img_2671-Kopie-520x390.jpg 520w, https:\/\/initiative.minderheiten.at\/wordpress\/wp-content\/uploads\/2021\/03\/img_2671-Kopie.jpg 1600w\" sizes=\"(max-width: 531px) 100vw, 531px\" \/><figcaption class=\"wp-element-caption\">\u00a9 Sabine Schwaighofer<\/figcaption><\/figure>\n\n\n\n<p><br><\/p>\n\n\n\n<figure class=\"wp-block-image is-resized\"><img decoding=\"async\" loading=\"lazy\" src=\"https:\/\/initiative.minderheiten.at\/wordpress\/wp-content\/uploads\/2021\/03\/Nach-der-Flucht_Bildschirmfoto-1.png\" alt=\"\" class=\"wp-image-4635\" width=\"324\" height=\"452\" srcset=\"https:\/\/initiative.minderheiten.at\/wordpress\/wp-content\/uploads\/2021\/03\/Nach-der-Flucht_Bildschirmfoto-1.png 407w, https:\/\/initiative.minderheiten.at\/wordpress\/wp-content\/uploads\/2021\/03\/Nach-der-Flucht_Bildschirmfoto-1-215x300.png 215w\" sizes=\"(max-width: 324px) 100vw, 324px\" \/><figcaption class=\"wp-element-caption\">Grafik Ausstellungsplakat: Bea Bakondy<\/figcaption><\/figure>\n\n\n\n<p><br><\/p>\n\n\n\n<h4><strong>Podiumsdiskussion im Rahmen der Ausstellung:<br> \u201eDe-facto-Unterst\u00fctzung. Zwischen Aufruf zur Hilfe und Forderung nach Einwanderungsstopp\u201c<\/strong><\/h4>\n\n\n\n<p>Am 22. September 2020 fand die Podiumsdiskussion &#8222;De-facto-Unterst\u00fctzung. Zwischen Aufruf zur Hilfe und Forderung nach Einreisestopp&#8220; statt.<\/p>\n\n\n\n<p>Die zivilgesellschaftlichen und politischen Reaktionen auf die gro\u00dfe Fl\u00fcchtlingsbewegung im Sommer 2015 lie\u00dfen viele an die Aufnahme von Kriegsvertriebenen aus dem ehemaligen Jugoslawien zu Beginn der 1990er Jahre denken. Damals gew\u00e4hrte der \u00f6sterreichische Staat mehr als 85.000 Schutzsuchenden aus Bosnien und Herzegowina auf unb\u00fcrokratischem Wege vor\u00fcbergehenden Schutz. Vor dem Hintergrund aktueller staatlicher Fl\u00fcchtlingspolitik sprechen ehemalige Akteur*innen des Staates und der Zivilgesellschaft sowie Gefl\u00fcchtete \u00fcber Flucht und Politik damals und heute<\/p>\n\n\n\n<p>Mit:<br>Alma Zadi\u0107 (Bundesministerin f\u00fcr Justiz), Helmut Sch\u00fcller (ehem. Pr\u00e4sident der Caritas \u00d6sterreich), Heide-Marie Fenzl (ehem. Leiterin der \u00bbBosnier-Aktion\u00ab im Bundesministerium f\u00fcr Inneres), Marion Kremla (Mitarbeiterin bei der asylkoordination \u00f6sterreich) und Melisa Erkurt (Journalistin beim ORF Report)<\/p>\n\n\n\n<p>Moderation: Olivera Staji\u0107 (Ressortleiterin &amp; Kolumnistin beim Standard)<\/p>\n\n\n\n<p>Begr\u00fc\u00dfung: J\u00fcrgen Czernohorszky (Stadtrat f\u00fcr Bildung, Integration  und Jugend), Vida Bakondy und Amila \u0160irbegovi\u0107 (Kuratorinnen), Cornelia  Kogoj (Initiative Minderheiten)<\/p>\n\n\n\n<figure class=\"wp-block-image is-resized\"><img decoding=\"async\" loading=\"lazy\" src=\"https:\/\/initiative.minderheiten.at\/wordpress\/wp-content\/uploads\/2021\/03\/view-4-889x1024.jpg\" alt=\"\" class=\"wp-image-4669\" width=\"445\" height=\"512\" srcset=\"https:\/\/initiative.minderheiten.at\/wordpress\/wp-content\/uploads\/2021\/03\/view-4-889x1024.jpg 889w, https:\/\/initiative.minderheiten.at\/wordpress\/wp-content\/uploads\/2021\/03\/view-4-260x300.jpg 260w, https:\/\/initiative.minderheiten.at\/wordpress\/wp-content\/uploads\/2021\/03\/view-4-768x885.jpg 768w, https:\/\/initiative.minderheiten.at\/wordpress\/wp-content\/uploads\/2021\/03\/view-4-520x599.jpg 520w\" sizes=\"(max-width: 445px) 100vw, 445px\" \/><figcaption class=\"wp-element-caption\">Alma Zadi\u0107 \u00a9 Robert Pichler<\/figcaption><\/figure>\n\n\n\n<figure class=\"wp-block-image is-resized\"><img decoding=\"async\" loading=\"lazy\" src=\"https:\/\/initiative.minderheiten.at\/wordpress\/wp-content\/uploads\/2021\/03\/DSCF3729-Kopie-1024x683.jpg\" alt=\"\" class=\"wp-image-4639\" width=\"512\" height=\"342\" srcset=\"https:\/\/initiative.minderheiten.at\/wordpress\/wp-content\/uploads\/2021\/03\/DSCF3729-Kopie-1024x683.jpg 1024w, https:\/\/initiative.minderheiten.at\/wordpress\/wp-content\/uploads\/2021\/03\/DSCF3729-Kopie-300x200.jpg 300w, https:\/\/initiative.minderheiten.at\/wordpress\/wp-content\/uploads\/2021\/03\/DSCF3729-Kopie-768x512.jpg 768w, https:\/\/initiative.minderheiten.at\/wordpress\/wp-content\/uploads\/2021\/03\/DSCF3729-Kopie-520x347.jpg 520w\" sizes=\"(max-width: 512px) 100vw, 512px\" \/><figcaption class=\"wp-element-caption\">Olivera Staji\u0107 \u00a9 Robert Pichler<\/figcaption><\/figure>\n\n\n\n<figure class=\"wp-block-image is-resized\"><img decoding=\"async\" loading=\"lazy\" src=\"https:\/\/initiative.minderheiten.at\/wordpress\/wp-content\/uploads\/2021\/03\/view-1-950x1024.jpg\" alt=\"\" class=\"wp-image-4670\" width=\"475\" height=\"512\" srcset=\"https:\/\/initiative.minderheiten.at\/wordpress\/wp-content\/uploads\/2021\/03\/view-1-950x1024.jpg 950w, https:\/\/initiative.minderheiten.at\/wordpress\/wp-content\/uploads\/2021\/03\/view-1-278x300.jpg 278w, https:\/\/initiative.minderheiten.at\/wordpress\/wp-content\/uploads\/2021\/03\/view-1-768x827.jpg 768w, https:\/\/initiative.minderheiten.at\/wordpress\/wp-content\/uploads\/2021\/03\/view-1-520x560.jpg 520w, https:\/\/initiative.minderheiten.at\/wordpress\/wp-content\/uploads\/2021\/03\/view-1.jpg 1950w\" sizes=\"(max-width: 475px) 100vw, 475px\" \/><figcaption class=\"wp-element-caption\">Heide-Marie Fenzl \u00a9 Robert Pichler<\/figcaption><\/figure>\n\n\n\n<figure class=\"wp-block-image is-resized\"><img decoding=\"async\" loading=\"lazy\" src=\"https:\/\/initiative.minderheiten.at\/wordpress\/wp-content\/uploads\/2021\/03\/view-2-955x1024.jpg\" alt=\"\" class=\"wp-image-4671\" width=\"478\" height=\"512\" srcset=\"https:\/\/initiative.minderheiten.at\/wordpress\/wp-content\/uploads\/2021\/03\/view-2-955x1024.jpg 955w, https:\/\/initiative.minderheiten.at\/wordpress\/wp-content\/uploads\/2021\/03\/view-2-280x300.jpg 280w, https:\/\/initiative.minderheiten.at\/wordpress\/wp-content\/uploads\/2021\/03\/view-2-768x824.jpg 768w, https:\/\/initiative.minderheiten.at\/wordpress\/wp-content\/uploads\/2021\/03\/view-2-520x558.jpg 520w\" sizes=\"(max-width: 478px) 100vw, 478px\" \/><figcaption class=\"wp-element-caption\">Marion Kremla \u00a9 Robert Pichler<\/figcaption><\/figure>\n\n\n\n<figure class=\"wp-block-image is-resized\"><img decoding=\"async\" loading=\"lazy\" src=\"https:\/\/initiative.minderheiten.at\/wordpress\/wp-content\/uploads\/2021\/03\/view-899x1024.jpg\" alt=\"\" class=\"wp-image-4672\" width=\"450\" height=\"512\" srcset=\"https:\/\/initiative.minderheiten.at\/wordpress\/wp-content\/uploads\/2021\/03\/view-899x1024.jpg 899w, https:\/\/initiative.minderheiten.at\/wordpress\/wp-content\/uploads\/2021\/03\/view-263x300.jpg 263w, https:\/\/initiative.minderheiten.at\/wordpress\/wp-content\/uploads\/2021\/03\/view-768x874.jpg 768w, https:\/\/initiative.minderheiten.at\/wordpress\/wp-content\/uploads\/2021\/03\/view-520x592.jpg 520w\" sizes=\"(max-width: 450px) 100vw, 450px\" \/><figcaption class=\"wp-element-caption\">Melisa Erkurt \u00a9 Robert Pichler<\/figcaption><\/figure>\n\n\n\n<figure class=\"wp-block-image is-resized\"><img decoding=\"async\" loading=\"lazy\" src=\"https:\/\/initiative.minderheiten.at\/wordpress\/wp-content\/uploads\/2021\/03\/view-3-1024x922.jpg\" alt=\"\" class=\"wp-image-4673\" width=\"512\" height=\"461\" srcset=\"https:\/\/initiative.minderheiten.at\/wordpress\/wp-content\/uploads\/2021\/03\/view-3-1024x922.jpg 1024w, https:\/\/initiative.minderheiten.at\/wordpress\/wp-content\/uploads\/2021\/03\/view-3-300x270.jpg 300w, https:\/\/initiative.minderheiten.at\/wordpress\/wp-content\/uploads\/2021\/03\/view-3-768x692.jpg 768w, https:\/\/initiative.minderheiten.at\/wordpress\/wp-content\/uploads\/2021\/03\/view-3-520x468.jpg 520w\" sizes=\"(max-width: 512px) 100vw, 512px\" \/><figcaption class=\"wp-element-caption\">Helmut Sch\u00fcller \u00a9 Robert Pichler<\/figcaption><\/figure>\n\n\n\n<figure class=\"wp-block-image is-resized\"><img decoding=\"async\" loading=\"lazy\" src=\"https:\/\/initiative.minderheiten.at\/wordpress\/wp-content\/uploads\/2021\/03\/DSCF3817-Kopie-1024x683.jpg\" alt=\"\" class=\"wp-image-4657\" width=\"575\" height=\"383\" srcset=\"https:\/\/initiative.minderheiten.at\/wordpress\/wp-content\/uploads\/2021\/03\/DSCF3817-Kopie-1024x683.jpg 1024w, https:\/\/initiative.minderheiten.at\/wordpress\/wp-content\/uploads\/2021\/03\/DSCF3817-Kopie-300x200.jpg 300w, https:\/\/initiative.minderheiten.at\/wordpress\/wp-content\/uploads\/2021\/03\/DSCF3817-Kopie-768x512.jpg 768w, https:\/\/initiative.minderheiten.at\/wordpress\/wp-content\/uploads\/2021\/03\/DSCF3817-Kopie-520x347.jpg 520w\" sizes=\"(max-width: 575px) 100vw, 575px\" \/><figcaption class=\"wp-element-caption\">Die beiden Kuratorinnen mit Justizministerin Alma Zadi\u0107 und Stadtrat J\u00fcrgen Czernohorszky<br>\u00a9 Robert Pichler<\/figcaption><\/figure>\n\n\n\n<p><a rel=\"noreferrer noopener\" href=\"https:\/\/initiative.minderheiten.at\/wordpress\/wp-content\/uploads\/2020\/09\/Nach-der-Flucht_Folder.pdf\" target=\"_blank\">Programm.pdf<\/a><\/p>\n\n\n\n<p><a href=\"https:\/\/www.youtube.com\/watch?v=WJKWQMs6nuU&amp;fbclid=IwAR3-oeeC0o_CsmJ-BfYYTqwWsePGVDAN6omOnDU2xz0bfMytF12DsBYyLUI\">Link zum Stream der Podiumsdiskussion<\/a> Beginn ab der 18. Minute<\/p>\n","protected":false},"excerpt":{"rendered":"<p>Ausstellungsdauer: 15. September bis 14. November 2020, Hauptb\u00fccherei am G\u00fcrtel, Wien Eine Ausstellung von Vida Bakondy und Amila \u0160irbegovi\u0107 f\u00fcr die Initiative Minderheiten, in Kooperation mit den B\u00fcchereien der Stadt Wien. Ausstellungsdisplay und Grafik: Toledo i Dertschei Mitwirkende Zeitzeug*innen: Adisa&#46;&#46;&#46;<\/p>\n","protected":false},"author":5,"featured_media":9530,"comment_status":"closed","ping_status":"closed","sticky":false,"template":"","format":"standard","meta":[],"categories":[48],"tags":[],"distributor_meta":false,"distributor_terms":false,"distributor_media":false,"distributor_original_site_name":"Initiative Minderheiten","distributor_original_site_url":"https:\/\/initiative.minderheiten.at\/wordpress","_links":{"self":[{"href":"https:\/\/initiative.minderheiten.at\/wordpress\/index.php\/wp-json\/wp\/v2\/posts\/4632"}],"collection":[{"href":"https:\/\/initiative.minderheiten.at\/wordpress\/index.php\/wp-json\/wp\/v2\/posts"}],"about":[{"href":"https:\/\/initiative.minderheiten.at\/wordpress\/index.php\/wp-json\/wp\/v2\/types\/post"}],"author":[{"embeddable":true,"href":"https:\/\/initiative.minderheiten.at\/wordpress\/index.php\/wp-json\/wp\/v2\/users\/5"}],"replies":[{"embeddable":true,"href":"https:\/\/initiative.minderheiten.at\/wordpress\/index.php\/wp-json\/wp\/v2\/comments?post=4632"}],"version-history":[{"count":18,"href":"https:\/\/initiative.minderheiten.at\/wordpress\/index.php\/wp-json\/wp\/v2\/posts\/4632\/revisions"}],"predecessor-version":[{"id":9531,"href":"https:\/\/initiative.minderheiten.at\/wordpress\/index.php\/wp-json\/wp\/v2\/posts\/4632\/revisions\/9531"}],"wp:featuredmedia":[{"embeddable":true,"href":"https:\/\/initiative.minderheiten.at\/wordpress\/index.php\/wp-json\/wp\/v2\/media\/9530"}],"wp:attachment":[{"href":"https:\/\/initiative.minderheiten.at\/wordpress\/index.php\/wp-json\/wp\/v2\/media?parent=4632"}],"wp:term":[{"taxonomy":"category","embeddable":true,"href":"https:\/\/initiative.minderheiten.at\/wordpress\/index.php\/wp-json\/wp\/v2\/categories?post=4632"},{"taxonomy":"post_tag","embeddable":true,"href":"https:\/\/initiative.minderheiten.at\/wordpress\/index.php\/wp-json\/wp\/v2\/tags?post=4632"}],"curies":[{"name":"wp","href":"https:\/\/api.w.org\/{rel}","templated":true}]}}