{"id":4841,"date":"2021-05-12T08:59:41","date_gmt":"2021-05-12T06:59:41","guid":{"rendered":"https:\/\/initiative.minderheiten.at\/wordpress\/?p=4841"},"modified":"2021-05-12T17:27:21","modified_gmt":"2021-05-12T15:27:21","slug":"gratulation","status":"publish","type":"post","link":"https:\/\/initiative.minderheiten.at\/wordpress\/index.php\/2021\/05\/gratulation\/","title":{"rendered":"Gratulation!"},"content":{"rendered":"\n<figure class=\"wp-block-image\"><img decoding=\"async\" loading=\"lazy\" width=\"208\" height=\"225\" src=\"https:\/\/initiative.minderheiten.at\/wordpress\/wp-content\/uploads\/2021\/05\/Bildschirmfoto-2021-05-12-um-09.02.04.png\" alt=\"\" class=\"wp-image-4845\" \/><\/figure>\n\n\n\n<p>Wir gratulieren Michael Oertl, Ideengeber, Mitbegr\u00fcnder und erstem Obmann der Initiative Minderheiten, zum heutigen 70. Geburtstag!<\/p>\n\n\n\n<p>Michael  hatte schon 1988 \u2013 im \u201eBedenkjahr\u201c \u2013 begonnen, Gleichgesinnte zu  suchen, um die Idee der Ausrufung eines \u201e\u00f6sterreichischen  Minderheitenjahres\u201c gemeinsam voranzutreiben. Dachte er zun\u00e4chst vor  allem an die ans\u00e4ssigen Volksgruppen, legten die Diskussionsbeitr\u00e4ge  der Aktivist*innen der ersten Stunde letztlich den Grundstein f\u00fcr jenen  breiten Minderheitenbegriff, der die Arbeit der Initiative Minderheiten  seit 1991 bestimmt. <\/p>\n\n\n\n<p>Einen gro\u00dfen Dank f\u00fcr deine Initiative vor \u00fcber drei Jahrzehnten und alles Gute zum Geburtstag, lieber Michael!<\/p>\n\n\n\n<p><a href=\"https:\/\/minorities.at\/\" target=\"_blank\" rel=\"noreferrer noopener\" aria-label=\"Initiative Minderheiten Tirol (opens in a new tab)\">Initiative Minderheiten Tirol<\/a><br><\/p>\n","protected":false},"excerpt":{"rendered":"<p>Wir gratulieren Michael Oertl, Ideengeber, Mitbegr\u00fcnder und erstem Obmann der Initiative Minderheiten, zum heutigen 70. Geburtstag! Michael hatte schon 1988 \u2013 im \u201eBedenkjahr\u201c \u2013 begonnen, Gleichgesinnte zu suchen, um die Idee der Ausrufung eines \u201e\u00f6sterreichischen Minderheitenjahres\u201c gemeinsam voranzutreiben. Dachte er&#46;&#46;&#46;<\/p>\n","protected":false},"author":5,"featured_media":4846,"comment_status":"closed","ping_status":"closed","sticky":false,"template":"","format":"standard","meta":[],"categories":[1,16],"tags":[],"distributor_meta":false,"distributor_terms":false,"distributor_media":false,"distributor_original_site_name":"Initiative Minderheiten","distributor_original_site_url":"https:\/\/initiative.minderheiten.at\/wordpress","_links":{"self":[{"href":"https:\/\/initiative.minderheiten.at\/wordpress\/index.php\/wp-json\/wp\/v2\/posts\/4841"}],"collection":[{"href":"https:\/\/initiative.minderheiten.at\/wordpress\/index.php\/wp-json\/wp\/v2\/posts"}],"about":[{"href":"https:\/\/initiative.minderheiten.at\/wordpress\/index.php\/wp-json\/wp\/v2\/types\/post"}],"author":[{"embeddable":true,"href":"https:\/\/initiative.minderheiten.at\/wordpress\/index.php\/wp-json\/wp\/v2\/users\/5"}],"replies":[{"embeddable":true,"href":"https:\/\/initiative.minderheiten.at\/wordpress\/index.php\/wp-json\/wp\/v2\/comments?post=4841"}],"version-history":[{"count":5,"href":"https:\/\/initiative.minderheiten.at\/wordpress\/index.php\/wp-json\/wp\/v2\/posts\/4841\/revisions"}],"predecessor-version":[{"id":4851,"href":"https:\/\/initiative.minderheiten.at\/wordpress\/index.php\/wp-json\/wp\/v2\/posts\/4841\/revisions\/4851"}],"wp:featuredmedia":[{"embeddable":true,"href":"https:\/\/initiative.minderheiten.at\/wordpress\/index.php\/wp-json\/wp\/v2\/media\/4846"}],"wp:attachment":[{"href":"https:\/\/initiative.minderheiten.at\/wordpress\/index.php\/wp-json\/wp\/v2\/media?parent=4841"}],"wp:term":[{"taxonomy":"category","embeddable":true,"href":"https:\/\/initiative.minderheiten.at\/wordpress\/index.php\/wp-json\/wp\/v2\/categories?post=4841"},{"taxonomy":"post_tag","embeddable":true,"href":"https:\/\/initiative.minderheiten.at\/wordpress\/index.php\/wp-json\/wp\/v2\/tags?post=4841"}],"curies":[{"name":"wp","href":"https:\/\/api.w.org\/{rel}","templated":true}]}}