{"id":4894,"date":"2021-06-10T09:56:25","date_gmt":"2021-06-10T07:56:25","guid":{"rendered":"https:\/\/initiative.minderheiten.at\/wordpress\/?p=4894"},"modified":"2021-06-10T09:59:19","modified_gmt":"2021-06-10T07:59:19","slug":"verbunden-mit-der-initiative-minderheiten-alexander-pollak-sprecher-von-sos-mitmensch","status":"publish","type":"post","link":"https:\/\/initiative.minderheiten.at\/wordpress\/index.php\/2021\/06\/verbunden-mit-der-initiative-minderheiten-alexander-pollak-sprecher-von-sos-mitmensch\/","title":{"rendered":"Verbunden mit der Initiative Minderheiten: Alexander Pollak, Sprecher von SOS-Mitmensch."},"content":{"rendered":"\n<figure class=\"wp-block-image is-resized\"><img decoding=\"async\" loading=\"lazy\" src=\"https:\/\/initiative.minderheiten.at\/wordpress\/wp-content\/uploads\/2021\/06\/Alexander-Pollak-mit-Katze_1990er-1024x664.jpg\" alt=\"\" class=\"wp-image-4895\" width=\"537\" height=\"347\" srcset=\"https:\/\/initiative.minderheiten.at\/wordpress\/wp-content\/uploads\/2021\/06\/Alexander-Pollak-mit-Katze_1990er.jpg 1024w, https:\/\/initiative.minderheiten.at\/wordpress\/wp-content\/uploads\/2021\/06\/Alexander-Pollak-mit-Katze_1990er-300x195.jpg 300w, https:\/\/initiative.minderheiten.at\/wordpress\/wp-content\/uploads\/2021\/06\/Alexander-Pollak-mit-Katze_1990er-768x498.jpg 768w, https:\/\/initiative.minderheiten.at\/wordpress\/wp-content\/uploads\/2021\/06\/Alexander-Pollak-mit-Katze_1990er-520x337.jpg 520w\" sizes=\"(max-width: 537px) 100vw, 537px\" \/><\/figure>\n\n\n\n<p>Heute in unserer Reihe: Alex Pollak, einer der wichtigsten Aktivist*innen in Sachen Menschenrechte und Fl\u00fcchtlingspolitik.<\/p>\n\n\n\n<p>\u201eDie  Initiative Minderheiten steht f\u00fcr mich f\u00fcr gro\u00dfe Ausdauer, das  best\u00e4ndige Arbeiten an Themen abseits des Mainstreams und die  Ver\u00e4nderung des Mainstreams. Ich w\u00fcnsche der Initiative Minderheiten  weitere 30 spannende und k\u00e4mpferische Jahre!\u201c<br><\/p>\n\n\n\n<p>F\u00fcr die Langversion: <a href=\"http:\/\/www.imblog.at\" target=\"_blank\" rel=\"noreferrer noopener\" aria-label=\"www.imblog.at (\u00f6ffnet in neuem Tab)\">www.imblog.at<\/a><\/p>\n","protected":false},"excerpt":{"rendered":"<p>Heute in unserer Reihe: Alex Pollak, einer der wichtigsten Aktivist*innen in Sachen Menschenrechte und Fl\u00fcchtlingspolitik. \u201eDie Initiative Minderheiten steht f\u00fcr mich f\u00fcr gro\u00dfe Ausdauer, das best\u00e4ndige Arbeiten an Themen abseits des Mainstreams und die Ver\u00e4nderung des Mainstreams. Ich w\u00fcnsche der&#46;&#46;&#46;<\/p>\n","protected":false},"author":5,"featured_media":4895,"comment_status":"closed","ping_status":"closed","sticky":false,"template":"","format":"standard","meta":[],"categories":[1,16],"tags":[],"distributor_meta":false,"distributor_terms":false,"distributor_media":false,"distributor_original_site_name":"Initiative Minderheiten","distributor_original_site_url":"https:\/\/initiative.minderheiten.at\/wordpress","_links":{"self":[{"href":"https:\/\/initiative.minderheiten.at\/wordpress\/index.php\/wp-json\/wp\/v2\/posts\/4894"}],"collection":[{"href":"https:\/\/initiative.minderheiten.at\/wordpress\/index.php\/wp-json\/wp\/v2\/posts"}],"about":[{"href":"https:\/\/initiative.minderheiten.at\/wordpress\/index.php\/wp-json\/wp\/v2\/types\/post"}],"author":[{"embeddable":true,"href":"https:\/\/initiative.minderheiten.at\/wordpress\/index.php\/wp-json\/wp\/v2\/users\/5"}],"replies":[{"embeddable":true,"href":"https:\/\/initiative.minderheiten.at\/wordpress\/index.php\/wp-json\/wp\/v2\/comments?post=4894"}],"version-history":[{"count":3,"href":"https:\/\/initiative.minderheiten.at\/wordpress\/index.php\/wp-json\/wp\/v2\/posts\/4894\/revisions"}],"predecessor-version":[{"id":4898,"href":"https:\/\/initiative.minderheiten.at\/wordpress\/index.php\/wp-json\/wp\/v2\/posts\/4894\/revisions\/4898"}],"wp:featuredmedia":[{"embeddable":true,"href":"https:\/\/initiative.minderheiten.at\/wordpress\/index.php\/wp-json\/wp\/v2\/media\/4895"}],"wp:attachment":[{"href":"https:\/\/initiative.minderheiten.at\/wordpress\/index.php\/wp-json\/wp\/v2\/media?parent=4894"}],"wp:term":[{"taxonomy":"category","embeddable":true,"href":"https:\/\/initiative.minderheiten.at\/wordpress\/index.php\/wp-json\/wp\/v2\/categories?post=4894"},{"taxonomy":"post_tag","embeddable":true,"href":"https:\/\/initiative.minderheiten.at\/wordpress\/index.php\/wp-json\/wp\/v2\/tags?post=4894"}],"curies":[{"name":"wp","href":"https:\/\/api.w.org\/{rel}","templated":true}]}}