{"id":4900,"date":"2021-06-14T14:22:32","date_gmt":"2021-06-14T12:22:32","guid":{"rendered":"https:\/\/initiative.minderheiten.at\/wordpress\/?p=4900"},"modified":"2021-06-28T17:39:38","modified_gmt":"2021-06-28T15:39:38","slug":"coming-soon-die-aktuelle-ausgabe-der-stimme-119-2021-angriff-auf-links","status":"publish","type":"post","link":"https:\/\/initiative.minderheiten.at\/wordpress\/index.php\/2021\/06\/coming-soon-die-aktuelle-ausgabe-der-stimme-119-2021-angriff-auf-links\/","title":{"rendered":"Die aktuelle Ausgabe der STIMME #119\/2021: Angriff auf links"},"content":{"rendered":"\n<figure class=\"wp-block-image is-resized\"><img decoding=\"async\" loading=\"lazy\" src=\"https:\/\/initiative.minderheiten.at\/wordpress\/wp-content\/uploads\/2021\/06\/Stimme_119_Cover-754x1024.jpg\" alt=\"\" class=\"wp-image-4901\" width=\"566\" height=\"768\" srcset=\"https:\/\/initiative.minderheiten.at\/wordpress\/wp-content\/uploads\/2021\/06\/Stimme_119_Cover-754x1024.jpg 754w, https:\/\/initiative.minderheiten.at\/wordpress\/wp-content\/uploads\/2021\/06\/Stimme_119_Cover-221x300.jpg 221w, https:\/\/initiative.minderheiten.at\/wordpress\/wp-content\/uploads\/2021\/06\/Stimme_119_Cover-768x1043.jpg 768w, https:\/\/initiative.minderheiten.at\/wordpress\/wp-content\/uploads\/2021\/06\/Stimme_119_Cover-520x706.jpg 520w, https:\/\/initiative.minderheiten.at\/wordpress\/wp-content\/uploads\/2021\/06\/Stimme_119_Cover.jpg 1200w\" sizes=\"(max-width: 566px) 100vw, 566px\" \/><\/figure>\n\n\n\n<p>\u201eIm Unterschied zum Rechtsextremismus teilen sozialistische und \nkommunistische Bewegungen die liberalen Ideen von Freiheit, Gleichheit, \nBr\u00fcderlichkeit.\u201c Eine Formulierung, ein Skandal. Die Emp\u00f6rung auf \nTwitter, die deutsche Bundeszentrale f\u00fcr politische Bildung (bpb) w\u00fcrde \nmit dieser Formulierung in einem Online-Dossier linksmotivierten \nExtremismus bagatellisieren, \u00fcbersprang schnell auf rechte \nOnline-Publikationen und die <em>Bild<\/em>-Zeitung \u00fcber. Letztere \ntitelte am 12. J\u00e4nner 2021: \u201eVerharmlosung des Kommunismus: Sind Linke \ndie besseren Extremisten?\u201c Die Bundeszentrale f\u00fcr politische Bildung \nmusste kurz darauf die Formulierung, die bereits ein Jahrzehnt im Netz \nstand, \u00e4ndern. Wie sp\u00e4ter, im M\u00e4rz 2021, bekannt wurde, hatte das \nInnenministerium der Institution diktiert, was unter Linksextremismus zu\n verstehen sei.<\/p>\n\n\n\n<p>\nWir kennen es: Sobald\nrechte Gewalt eskaliert, muss es schnappatmend auch um links gehen\n\u2013&nbsp;entsprechend dem sogenannten Hufeisenschema, nach dem\npolitische Kr\u00e4fte sich lediglich dadurch unterscheiden, ob sie den\nStaat und seine Ordnung akzeptieren und unterst\u00fctzen oder ablehnen\nbis bek\u00e4mpfen. In diesem Modell sind Links- und Rechtsextremismus\neinander viel n\u00e4her als jeweils der \u201egem\u00e4\u00dfigten\u201c Mitte. Was\ndiese Theorie aber nicht ber\u00fccksichtigt: Die Ziele von links und\nrechts, ihr Menschenbild und ihr Weltbild unterscheiden sich radikal.\nAuch wird die Unterscheidung von totalit\u00e4ren oder anarchistischen\nKr\u00e4ften ausgespart. \n<\/p>\n\n\n\n<p>\nDiese Ausgabe befasst\nsich damit, wie die Linke von Konservativen und der \u201ebraven\u201c\nMitte unter Beschuss genommen wird, aber auch mit der Notwendigkeit\nihrer Neuorientierung.<\/p>\n\n\n\n<p>Angesichts \u201elinksdrehender Attit\u00fcden\u201c der Rechten und fehlender \nDistanz der Linken \u2013 etwa zum Antisemitismus \u2013 f\u00e4llt es nicht immer \neinfach, die Linke zu verorten.  <strong><a href=\"http:\/\/stimme.minderheiten.at\/wordpress\/wp-content\/uploads\/sites\/3\/2021\/06\/Stimme_119_web_s_08-11.pdf\" target=\"_blank\" rel=\"noreferrer noopener\">Hakan G\u00fcrses<\/a><\/strong> analysiert einleitend drei Quellen, aus denen sich die Linke speist.<\/p>\n\n\n\n<p><strong><a rel=\"noreferrer noopener\" href=\"http:\/\/stimme.minderheiten.at\/wordpress\/wp-content\/uploads\/sites\/3\/2021\/06\/Stimme_119_web_s_12-15.pdf\" target=\"_blank\">Leah Carola Czollek<\/a><\/strong> und <strong><a rel=\"noreferrer noopener\" href=\"http:\/\/stimme.minderheiten.at\/wordpress\/wp-content\/uploads\/sites\/3\/2021\/06\/Stimme_119_web_s_12-15.pdf\" target=\"_blank\">Gudrun Perko<\/a><\/strong>\n vom Institut \u201eSocial Justice &amp; Radical Diversity\u201c zeigen auf und \nproblematisieren die Stigmatisierung der linken Kr\u00e4fte durch die Mitte \nanhand von aktuellen Beispielen aus Hochschulen, Wirtschaft und sozialer\n Arbeit.<\/p>\n\n\n\n<p> Appelle an Genderpluralit\u00e4t werden seitens der Rechten und ebenso \nder konservativen Mitte als \u201egenderideologisch\u201c, sprich \n\u201elinksideologisch\u201c, diffamiert. Die Politikwissenschaftlerin <strong><a href=\"http:\/\/stimme.minderheiten.at\/wordpress\/wp-content\/uploads\/sites\/3\/2021\/06\/Stimme_119_web_s_18-19.pdf\" target=\"_blank\" rel=\"noreferrer noopener\">Stefanie Mayer<\/a><\/strong> widmet sich in ihrem Beitrag Feminismen, Gleichstellung und liberalen Sexualpolitiken als neuem Feindbild der Rechten.<\/p>\n\n\n\n<p><strong><a href=\"http:\/\/stimme.minderheiten.at\/wordpress\/wp-content\/uploads\/sites\/3\/2021\/06\/Stimme_119_web_s_16-17.pdf\" target=\"_blank\" rel=\"noreferrer noopener\">Julia Sch\u00f6nherr<\/a><\/strong> fragte den Politikwissenschaftler <strong>Benjamin Opratko<\/strong>\n von der Universit\u00e4t Wien, wie sich das Verst\u00e4ndnis von links historisch\n gewandelt hat, warum sich linke Wahlb\u00fcndnisse schwertun, Fu\u00df zu fassen \nund ob links automatisch antirassistisch ist.  <\/p>\n\n\n\n<p>An dieser Stelle einen herzlichen Dank an <strong>Leah Carola Czollek<\/strong> und <strong>Gudrun Perko<\/strong> sowie an <strong>Hakan G\u00fcrses<\/strong> f\u00fcr die Idee und Konzeption dieser Ausgabe.<\/p>\n\n\n\n<p> \u201eFrauen, die behindert werden\u201c ist der Titel einer im Auftrag des \nFrauenservice Wien durchgef\u00fchrten qualitativen Studie mit und \u00fcber \nFrauen mit Behinderungen in Wien. Wir haben die Studienautorinnen <strong><a rel=\"noreferrer noopener\" href=\"http:\/\/stimme.minderheiten.at\/wordpress\/wp-content\/uploads\/sites\/3\/2021\/06\/Stimme_119_web_s_21-23.pdf\" target=\"_blank\">Claudia Sorger<\/a><\/strong> und <strong><a rel=\"noreferrer noopener\" href=\"http:\/\/stimme.minderheiten.at\/wordpress\/wp-content\/uploads\/sites\/3\/2021\/06\/Stimme_119_web_s_21-23.pdf\" target=\"_blank\">Nadja Bergmann<\/a><\/strong> von der L&amp;R Sozialforschung gebeten, die wichtigsten Ergebnisse zusammenzufassen.&nbsp;<\/p>\n\n\n\n<p><strong><a href=\"http:\/\/stimme.minderheiten.at\/wordpress\/wp-content\/uploads\/sites\/3\/2021\/06\/Stimme_119_web_s_24-27.pdf\" target=\"_blank\" rel=\"noreferrer noopener\">Cornelia Kogoj<\/a> <\/strong>bringt in der zweiten Folge des Stimme-Talks zum Jubil\u00e4um \u201eJunger Aktivismus und minorit\u00e4re Allianzen\u201c <strong>Noomi Anyanwu<\/strong> vom \u201eBlack Voices Anti-Rassismus-Volksbegehren\u201c und <strong>Samuel Mago<\/strong> von \u201eH\u00d6R \u2013 Hochsch\u00fcler*innenschaft \u00d6sterreichischer Roma und Romnja\u201c an einen Tisch.<\/p>\n\n\n\n<p> <strong><a rel=\"noreferrer noopener\" href=\"http:\/\/stimme.minderheiten.at\/wordpress\/wp-content\/uploads\/sites\/3\/2021\/06\/Stimme_119_web_s_28-29.pdf\" target=\"_blank\">Unser 30. Geburtstag<\/a><\/strong> war auch Anlass daf\u00fcr, mit <a href=\"http:\/\/stimme.minderheiten.at\/wordpress\/wp-content\/uploads\/sites\/3\/2021\/06\/Stimme_119_web_s_28-29.pdf\" target=\"_blank\" rel=\"noreferrer noopener\">Wegbegleiter:innen<\/a>\n der Initiative Minderheiten kleine Interviews zu f\u00fchren. Vor allem \nwollten wir wissen, was f\u00fcr Menschen, die seit Jahrzehnten \n(minderheiten)politisch aktiv sind, die gr\u00f6\u00dften Errungenschaften der \nvergangenen Jahre darstellen und was sie heute am meisten besch\u00e4ftigt \u2013 \nsprich: Was ist noch zu tun? Die Langversionen der Interviews finden Sie\n auf <a href=\"http:\/\/www.imblog.at\">www.imblog.at<\/a>. <\/p>\n\n\n\n<p>\nDurchatmen und neue\nFreude am Sommer w\u00fcnscht \n<\/p>\n\n\n\n<p> <strong>Gamze Ongan<\/strong>, Chefredakteurin<\/p>\n\n\n\n<hr class=\"wp-block-separator\" \/>\n\n\n\n<p>Stimmlage: Angst in der Pandemie \u2013 von <a href=\"http:\/\/stimme.minderheiten.at\/wordpress\/wp-content\/uploads\/sites\/3\/2021\/06\/Stimme_119_web_s_06.pdf\" target=\"_blank\" rel=\"noreferrer noopener\">Hakan G\u00fcrses<\/a><\/p>\n\n\n\n<p>Groll: Herr Groll wartet auf die Ever-Given-Endfassung \u2013 von <a rel=\"noreferrer noopener\" href=\"http:\/\/stimme.minderheiten.at\/wordpress\/wp-content\/uploads\/sites\/3\/2021\/06\/Stimme_119_web_s_20.pdf\" target=\"_blank\">Erwin Riess<\/a><\/p>\n\n\n\n<p>Nachlese: Queer(ing) Video Games \u2013 von <a rel=\"noreferrer noopener\" href=\"http:\/\/stimme.minderheiten.at\/wordpress\/wp-content\/uploads\/sites\/3\/2021\/06\/Stimme_119_web_s_30-31.pdf\" target=\"_blank\">Nico Reiter<\/a> und &amp; <a rel=\"noreferrer noopener\" href=\"http:\/\/stimme.minderheiten.at\/wordpress\/wp-content\/uploads\/sites\/3\/2021\/06\/Stimme_119_web_s_30-31.pdf\" target=\"_blank\">Melanie Konrad<\/a><\/p>\n\n\n\n<p>Lekt\u00fcre: Schulsozialarbeit und Antisemitismus  \u2013 von <a rel=\"noreferrer noopener\" href=\"http:\/\/stimme.minderheiten.at\/wordpress\/wp-content\/uploads\/sites\/3\/2021\/06\/Stimme_119_web_s_32-33.pdf\" target=\"_blank\">Hakan G\u00fcrses<\/a>, Gemeint sind wir alle \u2013 von <a rel=\"noreferrer noopener\" href=\"http:\/\/stimme.minderheiten.at\/wordpress\/wp-content\/uploads\/sites\/3\/2021\/06\/Stimme_119_web_s_32-33.pdf\" target=\"_blank\">Jessica Beer<\/a>, Diskriminierung \u2013 Ann\u00e4herung an einen schillernden und umstrittenen Begriff \u2013  von <a href=\"http:\/\/stimme.minderheiten.at\/wordpress\/wp-content\/uploads\/sites\/3\/2021\/06\/Stimme_119_web_s_32-33.pdf\" target=\"_blank\" rel=\"noreferrer noopener\">Volker Frey<\/a><\/p>\n\n\n\n<hr class=\"wp-block-separator\" \/>\n\n\n\n<p>Folgen Sie uns auf <strong><a href=\"http:\/\/instagram.com\/initiative_minderheiten\" target=\"_blank\" rel=\"noreferrer noopener\" aria-label=\"Instagram (opens in a new tab)\">Instagram<\/a><\/strong>: Wir pr\u00e4sentieren die<strong> Menschen <\/strong>hinter <strong>30 Jahre Initiative Minderheiten<\/strong> und geben Einblicke ins Archiv.  <\/p>\n\n\n\n<hr class=\"wp-block-separator\" \/>\n\n\n\n<p>Grafik:  Fatih Aydo\u011fdu     <\/p>\n\n\n\n<hr class=\"wp-block-separator\" \/>\n\n\n\n<p>Jahresabo: \u20ac 20,- \/\/ Zwei-Jahresabo: \u20ac 38,-<br>Abo International: \u20ac 30,- \/\/ Zwei-Jahresabo International: \u20ac 58,-<br>(F\u00fcr Vereinsmitglieder kostenlos, Mitgliedschaft j\u00e4hrlich \u20ac 25,-)<\/p>\n\n\n\n<p>Aboservice: Fr. Ebru Uzun: <a rel=\"noreferrer noopener\" href=\"mailto:abo@initiative.minderheiten.at\" target=\"_blank\">abo(at)initiative.minderheiten.at<\/a><\/p>\n","protected":false},"excerpt":{"rendered":"<p>\u201eIm Unterschied zum Rechtsextremismus teilen sozialistische und kommunistische Bewegungen die liberalen Ideen von Freiheit, Gleichheit, Br\u00fcderlichkeit.\u201c Eine Formulierung, ein Skandal. Die Emp\u00f6rung auf Twitter, die deutsche Bundeszentrale f\u00fcr politische Bildung (bpb) w\u00fcrde mit dieser Formulierung in einem Online-Dossier linksmotivierten Extremismus&#46;&#46;&#46;<\/p>\n","protected":false},"author":4,"featured_media":4901,"comment_status":"closed","ping_status":"closed","sticky":false,"template":"","format":"standard","meta":[],"categories":[1,16],"tags":[],"distributor_meta":false,"distributor_terms":false,"distributor_media":false,"distributor_original_site_name":"Initiative Minderheiten","distributor_original_site_url":"https:\/\/initiative.minderheiten.at\/wordpress","_links":{"self":[{"href":"https:\/\/initiative.minderheiten.at\/wordpress\/index.php\/wp-json\/wp\/v2\/posts\/4900"}],"collection":[{"href":"https:\/\/initiative.minderheiten.at\/wordpress\/index.php\/wp-json\/wp\/v2\/posts"}],"about":[{"href":"https:\/\/initiative.minderheiten.at\/wordpress\/index.php\/wp-json\/wp\/v2\/types\/post"}],"author":[{"embeddable":true,"href":"https:\/\/initiative.minderheiten.at\/wordpress\/index.php\/wp-json\/wp\/v2\/users\/4"}],"replies":[{"embeddable":true,"href":"https:\/\/initiative.minderheiten.at\/wordpress\/index.php\/wp-json\/wp\/v2\/comments?post=4900"}],"version-history":[{"count":8,"href":"https:\/\/initiative.minderheiten.at\/wordpress\/index.php\/wp-json\/wp\/v2\/posts\/4900\/revisions"}],"predecessor-version":[{"id":4934,"href":"https:\/\/initiative.minderheiten.at\/wordpress\/index.php\/wp-json\/wp\/v2\/posts\/4900\/revisions\/4934"}],"wp:featuredmedia":[{"embeddable":true,"href":"https:\/\/initiative.minderheiten.at\/wordpress\/index.php\/wp-json\/wp\/v2\/media\/4901"}],"wp:attachment":[{"href":"https:\/\/initiative.minderheiten.at\/wordpress\/index.php\/wp-json\/wp\/v2\/media?parent=4900"}],"wp:term":[{"taxonomy":"category","embeddable":true,"href":"https:\/\/initiative.minderheiten.at\/wordpress\/index.php\/wp-json\/wp\/v2\/categories?post=4900"},{"taxonomy":"post_tag","embeddable":true,"href":"https:\/\/initiative.minderheiten.at\/wordpress\/index.php\/wp-json\/wp\/v2\/tags?post=4900"}],"curies":[{"name":"wp","href":"https:\/\/api.w.org\/{rel}","templated":true}]}}