{"id":5463,"date":"2022-01-19T15:27:51","date_gmt":"2022-01-19T14:27:51","guid":{"rendered":"https:\/\/initiative.minderheiten.at\/wordpress\/?p=5463"},"modified":"2022-01-19T15:33:49","modified_gmt":"2022-01-19T14:33:49","slug":"die-pandemische-verwerfung-die-aktuelle-stimmlage-von-hakan-guerses","status":"publish","type":"post","link":"https:\/\/initiative.minderheiten.at\/wordpress\/index.php\/2022\/01\/die-pandemische-verwerfung-die-aktuelle-stimmlage-von-hakan-guerses\/","title":{"rendered":"Die pandemische Verwerfung &#8211; die aktuelle Stimmlage von Hakan G\u00fcrses"},"content":{"rendered":"\n<figure class=\"wp-block-image\"><img decoding=\"async\" loading=\"lazy\" width=\"851\" height=\"514\" src=\"https:\/\/initiative.minderheiten.at\/wordpress\/wp-content\/uploads\/2022\/01\/Bildschirmfoto-2022-01-19-um-14.52.11.png\" alt=\"\" class=\"wp-image-5464\" srcset=\"https:\/\/initiative.minderheiten.at\/wordpress\/wp-content\/uploads\/2022\/01\/Bildschirmfoto-2022-01-19-um-14.52.11.png 851w, https:\/\/initiative.minderheiten.at\/wordpress\/wp-content\/uploads\/2022\/01\/Bildschirmfoto-2022-01-19-um-14.52.11-300x181.png 300w, https:\/\/initiative.minderheiten.at\/wordpress\/wp-content\/uploads\/2022\/01\/Bildschirmfoto-2022-01-19-um-14.52.11-768x464.png 768w, https:\/\/initiative.minderheiten.at\/wordpress\/wp-content\/uploads\/2022\/01\/Bildschirmfoto-2022-01-19-um-14.52.11-520x314.png 520w\" sizes=\"(max-width: 851px) 100vw, 851px\" \/><\/figure>\n\n\n\n<p>Im M\u00e4rz 2020, zu Beginn der Covid-19-Pandemie, schrieb ein italienischer Philosoph im Rahmen einer Online-Debatte folgenden Satz: Je mehr die anderen Distanz zu mir halten, desto n\u00e4her f\u00fchle ich mich ihnen. Eine neue Form der N\u00e4chstenliebe. Solidarit\u00e4t in Zeiten der Pandemie. Der Satz sollte wohl die \u201esoziale Distanz\u201c, die als imperative Parole just in jenen Tagen in Mode kam, ethisch begr\u00fcnden und zugleich dazu aufrufen &#8230; <a rel=\"noreferrer noopener\" aria-label=\"IM-Blog (\u00f6ffnet in neuem Tab)\" href=\"https:\/\/www.imblog.at\/die-pandemische-verwerfung\/\" target=\"_blank\">IM-Blog<\/a><\/p>\n","protected":false},"excerpt":{"rendered":"<p>Im M\u00e4rz 2020, zu Beginn der Covid-19-Pandemie, schrieb ein italienischer Philosoph im Rahmen einer Online-Debatte folgenden Satz: Je mehr die anderen Distanz zu mir halten, desto n\u00e4her f\u00fchle ich mich ihnen. Eine neue Form der N\u00e4chstenliebe. Solidarit\u00e4t in Zeiten der&#46;&#46;&#46;<\/p>\n","protected":false},"author":5,"featured_media":5468,"comment_status":"closed","ping_status":"closed","sticky":false,"template":"","format":"standard","meta":[],"categories":[1,16],"tags":[],"distributor_meta":false,"distributor_terms":false,"distributor_media":false,"distributor_original_site_name":"Initiative Minderheiten","distributor_original_site_url":"https:\/\/initiative.minderheiten.at\/wordpress","_links":{"self":[{"href":"https:\/\/initiative.minderheiten.at\/wordpress\/index.php\/wp-json\/wp\/v2\/posts\/5463"}],"collection":[{"href":"https:\/\/initiative.minderheiten.at\/wordpress\/index.php\/wp-json\/wp\/v2\/posts"}],"about":[{"href":"https:\/\/initiative.minderheiten.at\/wordpress\/index.php\/wp-json\/wp\/v2\/types\/post"}],"author":[{"embeddable":true,"href":"https:\/\/initiative.minderheiten.at\/wordpress\/index.php\/wp-json\/wp\/v2\/users\/5"}],"replies":[{"embeddable":true,"href":"https:\/\/initiative.minderheiten.at\/wordpress\/index.php\/wp-json\/wp\/v2\/comments?post=5463"}],"version-history":[{"count":2,"href":"https:\/\/initiative.minderheiten.at\/wordpress\/index.php\/wp-json\/wp\/v2\/posts\/5463\/revisions"}],"predecessor-version":[{"id":5469,"href":"https:\/\/initiative.minderheiten.at\/wordpress\/index.php\/wp-json\/wp\/v2\/posts\/5463\/revisions\/5469"}],"wp:featuredmedia":[{"embeddable":true,"href":"https:\/\/initiative.minderheiten.at\/wordpress\/index.php\/wp-json\/wp\/v2\/media\/5468"}],"wp:attachment":[{"href":"https:\/\/initiative.minderheiten.at\/wordpress\/index.php\/wp-json\/wp\/v2\/media?parent=5463"}],"wp:term":[{"taxonomy":"category","embeddable":true,"href":"https:\/\/initiative.minderheiten.at\/wordpress\/index.php\/wp-json\/wp\/v2\/categories?post=5463"},{"taxonomy":"post_tag","embeddable":true,"href":"https:\/\/initiative.minderheiten.at\/wordpress\/index.php\/wp-json\/wp\/v2\/tags?post=5463"}],"curies":[{"name":"wp","href":"https:\/\/api.w.org\/{rel}","templated":true}]}}