{"id":5506,"date":"2022-02-10T11:17:08","date_gmt":"2022-02-10T10:17:08","guid":{"rendered":"https:\/\/initiative.minderheiten.at\/wordpress\/?p=5506"},"modified":"2022-02-10T19:29:38","modified_gmt":"2022-02-10T18:29:38","slug":"forderung-absetzung-von-stephan-tauschitz-als-neuer-leiter-des-ltv-kaernten-koroska","status":"publish","type":"post","link":"https:\/\/initiative.minderheiten.at\/wordpress\/index.php\/2022\/02\/forderung-absetzung-von-stephan-tauschitz-als-neuer-leiter-des-ltv-kaernten-koroska\/","title":{"rendered":"FORDERUNG: Absetzung von Stephan Tauschitz als neuer Leiter des LTV- K\u00e4rnten\/Koro\u0161ka!"},"content":{"rendered":"\n<p>Die\n Initiative Minderheiten schlie\u00dft sich der Forderung des Klub slovenskih\n \u0161tudentk in \u0161tudentov na Dunaju\/Klub slowenischer Student*innen in Wien\n (KS\u0160\u0160D) nach einer Absetzung von Stephan Tauschitz als neuem Leiter des\n Landesamts f\u00fcr Verfassungsschutz und Terrorismusbek\u00e4mpfung (LTV) \nK\u00e4rnten\/Koro\u0161ka an.<\/p>\n\n\n\n<figure class=\"wp-block-image is-resized\"><img decoding=\"async\" loading=\"lazy\" src=\"https:\/\/initiative.minderheiten.at\/wordpress\/wp-content\/uploads\/2022\/02\/Bildschirmfoto-2022-02-10-um-10.08.20.png\" alt=\"\" class=\"wp-image-5507\" width=\"466\" height=\"313\" srcset=\"https:\/\/initiative.minderheiten.at\/wordpress\/wp-content\/uploads\/2022\/02\/Bildschirmfoto-2022-02-10-um-10.08.20.png 633w, https:\/\/initiative.minderheiten.at\/wordpress\/wp-content\/uploads\/2022\/02\/Bildschirmfoto-2022-02-10-um-10.08.20-300x201.png 300w, https:\/\/initiative.minderheiten.at\/wordpress\/wp-content\/uploads\/2022\/02\/Bildschirmfoto-2022-02-10-um-10.08.20-520x349.png 520w\" sizes=\"(max-width: 466px) 100vw, 466px\" \/><\/figure>\n\n\n\n<p>In der Aussendung des KS\u0160\u0160D heisst es unter anderem:<br><br> &#8222;In den aktuellen Zeitungsartikeln und Radiobeitr\u00e4gen spiegelt sich die  skandal\u00f6se Bestellung von Tauschitz zum Leiter des LVT-K\u00e4rnten\/Koro\u0161ka  ebenso wider, wie in den Sozialen Medien. Zu Recht wird unter anderem  von Olga Voglauer (die Gr\u00fcnen) oder Oskar Deutsch (Israelitische  Kultusgemeinde) dessen R\u00fccktritt gefordert. Als Minderheitenangeh\u00f6rige  sehen wir ein akutes Problem in der Bestellung von Personen, die kein  Problem damit haben, einen Programmpunkt beim Ulrichsbergtreffen zu  gestalten und somit Reden vor Waffen-SS- und Wehrmachtsveteranen zu  halten. Die Teilnahme an rechtsextremen Vernetzungstreffen stellt eine  Vorbelastung dar, die f\u00fcr eine leitende Funktion im Landesamt f\u00fcr  Verfassungsschutz und Terrorismusbek\u00e4mpfung untragbar ist und nicht mit  einem halbherzigen \u201eheute w\u00fcrde ich daran nicht mehr teilnehmen\u201c  relativiert werden kann.<br> Nicht nur die blo\u00dfe Teilnahme, sondern auch die von Tauschitz gehaltenen  Reden, geben Grund daf\u00fcr, seinen R\u00fccktritt zu fordern. Darin enthaltene  Aussagen (&#8222;\u00fcber Tote solle man nicht richten, daf\u00fcr zust\u00e4ndig sei Gott  allein&#8220;) kommen einer Generalamnestie und folglich einem Freibrief f\u00fcr  NS-Verbrechen bedenklich nahe und sind strengstens zu verurteilen.&#8220;<\/p>\n\n\n\n<p><a href=\"https:\/\/www.instagram.com\/p\/CZuwobLAZNP\/\" target=\"_blank\" rel=\"noreferrer noopener\" aria-label=\"Instagram (\u00f6ffnet in neuem Tab)\">Instagram<\/a><\/p>\n\n\n\n<p><a href=\"https:\/\/www.facebook.com\/klubksssd\" target=\"_blank\" rel=\"noreferrer noopener\" label=\"Facebook (\u00f6ffnet in neuem Tab)\" class=\"broken_link\">Facebook<\/a><\/p>\n","protected":false},"excerpt":{"rendered":"<p>Die Initiative Minderheiten schlie\u00dft sich der Forderung des Klub slovenskih \u0161tudentk in \u0161tudentov na Dunaju\/Klub slowenischer Student*innen in Wien (KS\u0160\u0160D) nach einer Absetzung von Stephan Tauschitz als neuem Leiter des Landesamts f\u00fcr Verfassungsschutz und Terrorismusbek\u00e4mpfung (LTV) K\u00e4rnten\/Koro\u0161ka an. In der&#46;&#46;&#46;<\/p>\n","protected":false},"author":5,"featured_media":5509,"comment_status":"closed","ping_status":"closed","sticky":false,"template":"","format":"standard","meta":[],"categories":[1,16],"tags":[],"distributor_meta":false,"distributor_terms":false,"distributor_media":false,"distributor_original_site_name":"Initiative Minderheiten","distributor_original_site_url":"https:\/\/initiative.minderheiten.at\/wordpress","_links":{"self":[{"href":"https:\/\/initiative.minderheiten.at\/wordpress\/index.php\/wp-json\/wp\/v2\/posts\/5506"}],"collection":[{"href":"https:\/\/initiative.minderheiten.at\/wordpress\/index.php\/wp-json\/wp\/v2\/posts"}],"about":[{"href":"https:\/\/initiative.minderheiten.at\/wordpress\/index.php\/wp-json\/wp\/v2\/types\/post"}],"author":[{"embeddable":true,"href":"https:\/\/initiative.minderheiten.at\/wordpress\/index.php\/wp-json\/wp\/v2\/users\/5"}],"replies":[{"embeddable":true,"href":"https:\/\/initiative.minderheiten.at\/wordpress\/index.php\/wp-json\/wp\/v2\/comments?post=5506"}],"version-history":[{"count":1,"href":"https:\/\/initiative.minderheiten.at\/wordpress\/index.php\/wp-json\/wp\/v2\/posts\/5506\/revisions"}],"predecessor-version":[{"id":5508,"href":"https:\/\/initiative.minderheiten.at\/wordpress\/index.php\/wp-json\/wp\/v2\/posts\/5506\/revisions\/5508"}],"wp:featuredmedia":[{"embeddable":true,"href":"https:\/\/initiative.minderheiten.at\/wordpress\/index.php\/wp-json\/wp\/v2\/media\/5509"}],"wp:attachment":[{"href":"https:\/\/initiative.minderheiten.at\/wordpress\/index.php\/wp-json\/wp\/v2\/media?parent=5506"}],"wp:term":[{"taxonomy":"category","embeddable":true,"href":"https:\/\/initiative.minderheiten.at\/wordpress\/index.php\/wp-json\/wp\/v2\/categories?post=5506"},{"taxonomy":"post_tag","embeddable":true,"href":"https:\/\/initiative.minderheiten.at\/wordpress\/index.php\/wp-json\/wp\/v2\/tags?post=5506"}],"curies":[{"name":"wp","href":"https:\/\/api.w.org\/{rel}","templated":true}]}}