{"id":5510,"date":"2022-02-11T09:58:26","date_gmt":"2022-02-11T08:58:26","guid":{"rendered":"https:\/\/initiative.minderheiten.at\/wordpress\/?p=5510"},"modified":"2022-02-11T10:02:16","modified_gmt":"2022-02-11T09:02:16","slug":"oevp-angriff-auf-die-muslimcontemporary-ausstellung","status":"publish","type":"post","link":"https:\/\/initiative.minderheiten.at\/wordpress\/index.php\/2022\/02\/oevp-angriff-auf-die-muslimcontemporary-ausstellung\/","title":{"rendered":"\u00d6VP-Angriff auf die Muslim*Contemporary-Ausstellung"},"content":{"rendered":"\n<figure class=\"wp-block-image\"><img decoding=\"async\" loading=\"lazy\" width=\"447\" height=\"630\" src=\"https:\/\/initiative.minderheiten.at\/wordpress\/wp-content\/uploads\/2022\/02\/Bildschirmfoto-2022-02-11-um-09.51.13.png\" alt=\"\" class=\"wp-image-5511\" srcset=\"https:\/\/initiative.minderheiten.at\/wordpress\/wp-content\/uploads\/2022\/02\/Bildschirmfoto-2022-02-11-um-09.51.13.png 447w, https:\/\/initiative.minderheiten.at\/wordpress\/wp-content\/uploads\/2022\/02\/Bildschirmfoto-2022-02-11-um-09.51.13-213x300.png 213w\" sizes=\"(max-width: 447px) 100vw, 447px\" \/><figcaption><br><br><\/figcaption><\/figure>\n\n\n\n<p>OFFENER BRIEF<strong>:<\/strong><br><br> Die Initiative Minderheiten ist eine der mehr als 60 Unterzeichner:innen dieses offenen Briefes:<br><br> &#8222;Von 8. bis 12. November 2021 fand an der Akademie der bildenden K\u00fcnste  in Wien zum ersten Mal die multidisziplin\u00e4re, anti-rassistische und  feministische Ausstellung Muslim* Contemporary statt. Am 20. Dezember  stellten nun die beiden \u00d6VP-Gemeinder\u00e4tinnen Laura Sachslehner und  Caroline Hungerl\u00e4nder als Reaktion auf die Ausstellung eine schriftliche  Anfrage im Gemeinderat. Ihre darin ge\u00e4u\u00dferten Vorw\u00fcrfe sehen von  jedweder Auseinandersetzung mit den k\u00fcnstlerischen Arbeiten ab.  Stattdessen werfen sie den involvierten K\u00fcnstler:innen vor, schon durch  das blo\u00dfe Sprechen \u00fcber den Rassismus, den sie tagt\u00e4glich als  Muslim:innen erfahren, ein \u201eNarrativ des politischen Islam\u201c zu  \u00fcbernehmen. Au\u00dferdem, so der Vorwurf, w\u00e4re die Beziehung einiger  K\u00fcnstlerinnen zur Muslimischen Jugend \u00d6sterreich ein weiteres Indiz f\u00fcr  ihr angebliches \u201eNaheverh\u00e4ltnis zum politischen Islam\u201d. Die Muslimische  Jugend \u00d6sterreich, die mit Projekten wie \u201eMuslimInnen gegen  Antisemitismus\u201d f\u00fcr ihre feministische und kritische Arbeit bekannt ist,  wird also ebenfalls angegriffen.&#8220;<\/p>\n\n\n\n<p><a href=\"https:\/\/muslimcontemporary.at\/offener-brief\" target=\"_blank\" rel=\"noreferrer noopener\" aria-label=\"Offener Brief (\u00f6ffnet in neuem Tab)\">Offener Brief<\/a><\/p>\n","protected":false},"excerpt":{"rendered":"<p>OFFENER BRIEF: Die Initiative Minderheiten ist eine der mehr als 60 Unterzeichner:innen dieses offenen Briefes: &#8222;Von 8. bis 12. November 2021 fand an der Akademie der bildenden K\u00fcnste in Wien zum ersten Mal die multidisziplin\u00e4re, anti-rassistische und feministische Ausstellung Muslim*&#46;&#46;&#46;<\/p>\n","protected":false},"author":5,"featured_media":5513,"comment_status":"closed","ping_status":"closed","sticky":false,"template":"","format":"standard","meta":[],"categories":[1,16],"tags":[],"distributor_meta":false,"distributor_terms":false,"distributor_media":false,"distributor_original_site_name":"Initiative Minderheiten","distributor_original_site_url":"https:\/\/initiative.minderheiten.at\/wordpress","_links":{"self":[{"href":"https:\/\/initiative.minderheiten.at\/wordpress\/index.php\/wp-json\/wp\/v2\/posts\/5510"}],"collection":[{"href":"https:\/\/initiative.minderheiten.at\/wordpress\/index.php\/wp-json\/wp\/v2\/posts"}],"about":[{"href":"https:\/\/initiative.minderheiten.at\/wordpress\/index.php\/wp-json\/wp\/v2\/types\/post"}],"author":[{"embeddable":true,"href":"https:\/\/initiative.minderheiten.at\/wordpress\/index.php\/wp-json\/wp\/v2\/users\/5"}],"replies":[{"embeddable":true,"href":"https:\/\/initiative.minderheiten.at\/wordpress\/index.php\/wp-json\/wp\/v2\/comments?post=5510"}],"version-history":[{"count":1,"href":"https:\/\/initiative.minderheiten.at\/wordpress\/index.php\/wp-json\/wp\/v2\/posts\/5510\/revisions"}],"predecessor-version":[{"id":5512,"href":"https:\/\/initiative.minderheiten.at\/wordpress\/index.php\/wp-json\/wp\/v2\/posts\/5510\/revisions\/5512"}],"wp:featuredmedia":[{"embeddable":true,"href":"https:\/\/initiative.minderheiten.at\/wordpress\/index.php\/wp-json\/wp\/v2\/media\/5513"}],"wp:attachment":[{"href":"https:\/\/initiative.minderheiten.at\/wordpress\/index.php\/wp-json\/wp\/v2\/media?parent=5510"}],"wp:term":[{"taxonomy":"category","embeddable":true,"href":"https:\/\/initiative.minderheiten.at\/wordpress\/index.php\/wp-json\/wp\/v2\/categories?post=5510"},{"taxonomy":"post_tag","embeddable":true,"href":"https:\/\/initiative.minderheiten.at\/wordpress\/index.php\/wp-json\/wp\/v2\/tags?post=5510"}],"curies":[{"name":"wp","href":"https:\/\/api.w.org\/{rel}","templated":true}]}}