{"id":5518,"date":"2022-02-23T14:27:59","date_gmt":"2022-02-23T13:27:59","guid":{"rendered":"https:\/\/initiative.minderheiten.at\/wordpress\/?p=5518"},"modified":"2022-02-23T14:28:02","modified_gmt":"2022-02-23T13:28:02","slug":"volksgruppensprachen-fehlen-in-der-informationskampagne-der-bundesregierung-zur-covid-impfpflicht","status":"publish","type":"post","link":"https:\/\/initiative.minderheiten.at\/wordpress\/index.php\/2022\/02\/volksgruppensprachen-fehlen-in-der-informationskampagne-der-bundesregierung-zur-covid-impfpflicht\/","title":{"rendered":"Volksgruppensprachen fehlen in der Informationskampagne der Bundesregierung zur COVID-Impfpflicht!"},"content":{"rendered":"\n<figure class=\"wp-block-image\"><img decoding=\"async\" loading=\"lazy\" width=\"583\" height=\"377\" src=\"https:\/\/initiative.minderheiten.at\/wordpress\/wp-content\/uploads\/2022\/02\/Bildschirmfoto-2022-02-23-um-14.26.46.png\" alt=\"\" class=\"wp-image-5519\" srcset=\"https:\/\/initiative.minderheiten.at\/wordpress\/wp-content\/uploads\/2022\/02\/Bildschirmfoto-2022-02-23-um-14.26.46.png 583w, https:\/\/initiative.minderheiten.at\/wordpress\/wp-content\/uploads\/2022\/02\/Bildschirmfoto-2022-02-23-um-14.26.46-300x194.png 300w, https:\/\/initiative.minderheiten.at\/wordpress\/wp-content\/uploads\/2022\/02\/Bildschirmfoto-2022-02-23-um-14.26.46-520x336.png 520w\" sizes=\"(max-width: 583px) 100vw, 583px\" \/><\/figure>\n\n\n\n<p><br>       <\/p>\n\n\n\n<p>In der aktuellen Information der\nBundesregierung zur COVID-Impfpflicht in \u00d6sterreich, die mittels QR-Code in\ninsgesamt acht Sprachen angeboten wird, fehlen die gesetzlich anerkannten\nVolksgruppensprachen.<\/p>\n\n\n\n<p>\u201eEs ist lobenswert, dass eine solche\nInformation auch in Migrant*innensprachen wie unter anderem T\u00fcrkisch, BKS oder\nArabisch an die Haushalte verteilt wird\u201c, sagt der Obmann der Initiative\nMinderheiten, Vladimir Wakounig, \u201ewarum aber nicht in Sprachen der anerkannten\nVolksgruppen?\u201c. Offiziell anerkannt sind in \u00d6sterreich lt. Volksgruppengesetz\ndie Sprachen der sechs autochthonen Minderheiten, Slowenisch, Kroatisch,\nTschechisch, Slowakisch, Ungarisch und Romanes.<\/p>\n\n\n\n<p>&#8222;Warum ist es immer\nnotwendig&#8220;, so Wakounig weiter, &#8222;die Erf\u00fcllung zugesicherter Rechte\neinzufordern? Viele Volksgruppenangeh\u00f6rige sind m\u00fcde, auf die\nNichtber\u00fccksichtigung ihrer Sprache hinzuweisen. Denn es geht dabei um\nverfassungsrechtlich gesch\u00fctzte Sprachen \u00f6sterreichischer Staatsb\u00fcrger*innen,\ndie das Recht haben, auch in Ihrer Sprache von der Bundesregierung angesprochen\nzu werden. Es ist ein besch\u00e4mendes \u00dcbergehen von zugesicherten Rechten.&#8220;<\/p>\n\n\n\n<p>Die Initiative Minderheiten fordert daher die Bundesregierung auf, in Informationskampagnen auch die Volksgruppensprachen zu ber\u00fccksichtigen!<\/p>\n\n\n\n<p><\/p>\n","protected":false},"excerpt":{"rendered":"<p>In der aktuellen Information der Bundesregierung zur COVID-Impfpflicht in \u00d6sterreich, die mittels QR-Code in insgesamt acht Sprachen angeboten wird, fehlen die gesetzlich anerkannten Volksgruppensprachen. \u201eEs ist lobenswert, dass eine solche Information auch in Migrant*innensprachen wie unter anderem T\u00fcrkisch, BKS oder&#46;&#46;&#46;<\/p>\n","protected":false},"author":5,"featured_media":5519,"comment_status":"closed","ping_status":"closed","sticky":false,"template":"","format":"standard","meta":[],"categories":[1,16],"tags":[],"distributor_meta":false,"distributor_terms":false,"distributor_media":false,"distributor_original_site_name":"Initiative Minderheiten","distributor_original_site_url":"https:\/\/initiative.minderheiten.at\/wordpress","_links":{"self":[{"href":"https:\/\/initiative.minderheiten.at\/wordpress\/index.php\/wp-json\/wp\/v2\/posts\/5518"}],"collection":[{"href":"https:\/\/initiative.minderheiten.at\/wordpress\/index.php\/wp-json\/wp\/v2\/posts"}],"about":[{"href":"https:\/\/initiative.minderheiten.at\/wordpress\/index.php\/wp-json\/wp\/v2\/types\/post"}],"author":[{"embeddable":true,"href":"https:\/\/initiative.minderheiten.at\/wordpress\/index.php\/wp-json\/wp\/v2\/users\/5"}],"replies":[{"embeddable":true,"href":"https:\/\/initiative.minderheiten.at\/wordpress\/index.php\/wp-json\/wp\/v2\/comments?post=5518"}],"version-history":[{"count":1,"href":"https:\/\/initiative.minderheiten.at\/wordpress\/index.php\/wp-json\/wp\/v2\/posts\/5518\/revisions"}],"predecessor-version":[{"id":5520,"href":"https:\/\/initiative.minderheiten.at\/wordpress\/index.php\/wp-json\/wp\/v2\/posts\/5518\/revisions\/5520"}],"wp:featuredmedia":[{"embeddable":true,"href":"https:\/\/initiative.minderheiten.at\/wordpress\/index.php\/wp-json\/wp\/v2\/media\/5519"}],"wp:attachment":[{"href":"https:\/\/initiative.minderheiten.at\/wordpress\/index.php\/wp-json\/wp\/v2\/media?parent=5518"}],"wp:term":[{"taxonomy":"category","embeddable":true,"href":"https:\/\/initiative.minderheiten.at\/wordpress\/index.php\/wp-json\/wp\/v2\/categories?post=5518"},{"taxonomy":"post_tag","embeddable":true,"href":"https:\/\/initiative.minderheiten.at\/wordpress\/index.php\/wp-json\/wp\/v2\/tags?post=5518"}],"curies":[{"name":"wp","href":"https:\/\/api.w.org\/{rel}","templated":true}]}}