{"id":5642,"date":"2022-05-24T12:02:51","date_gmt":"2022-05-24T10:02:51","guid":{"rendered":"https:\/\/initiative.minderheiten.at\/wordpress\/?p=5642"},"modified":"2022-06-14T15:51:55","modified_gmt":"2022-06-14T13:51:55","slug":"wanderausstellung-was-wir-fordern-sowi-innsbruck","status":"publish","type":"post","link":"https:\/\/initiative.minderheiten.at\/wordpress\/index.php\/2022\/05\/wanderausstellung-was-wir-fordern-sowi-innsbruck\/","title":{"rendered":"Wanderausstellung \u201eWas wir fordern!\u201c an der SOWI Innsbruck"},"content":{"rendered":"\n<figure class=\"wp-block-image\"><img decoding=\"async\" loading=\"lazy\" width=\"1024\" height=\"768\" src=\"https:\/\/initiative.minderheiten.at\/wordpress\/wp-content\/uploads\/2022\/05\/IMG_20220505_105217-2-1024x768.jpg\" alt=\"\" class=\"wp-image-5636\" srcset=\"https:\/\/initiative.minderheiten.at\/wordpress\/wp-content\/uploads\/2022\/05\/IMG_20220505_105217-2-1024x768.jpg 1024w, https:\/\/initiative.minderheiten.at\/wordpress\/wp-content\/uploads\/2022\/05\/IMG_20220505_105217-2-300x225.jpg 300w, https:\/\/initiative.minderheiten.at\/wordpress\/wp-content\/uploads\/2022\/05\/IMG_20220505_105217-2-768x576.jpg 768w, https:\/\/initiative.minderheiten.at\/wordpress\/wp-content\/uploads\/2022\/05\/IMG_20220505_105217-2-520x390.jpg 520w\" sizes=\"(max-width: 1024px) 100vw, 1024px\" \/><\/figure>\n\n\n\n<h4>Derzeitiger Ausstellungsstandort: <\/h4>\n\n\n\n<p><strong><a href=\"https:\/\/www.uibk.ac.at\/politikwissenschaft\/kommunikation\/news\/veranstaltungen\/downloads\/2022\/wanderausstellung-was-wir-fordern\/\" class=\"broken_link\">SOWI \u2013 Sozial- und Wirtschaftswissenschaftliche Fakult\u00e4t<\/a><\/strong><\/p>\n\n\n\n<p><strong>Universit\u00e4tsstra\u00dfe 15, 6020 Innsbruck<\/strong><\/p>\n\n\n\n<p><a href=\"https:\/\/initiative.minderheiten.at\/wordpress\/index.php\/2021\/10\/ausstellung-was-wir-fordern-minderheitenbewegungen-in-oesterreich\/\" target=\"_blank\" rel=\"noreferrer noopener\" aria-label=\"Weitere Ausstellungsfotos und Infos (opens in a new tab)\">Weitere Ausstellungsfotos und Infos<\/a><\/p>\n","protected":false},"excerpt":{"rendered":"<p>Derzeitiger Ausstellungsstandort: SOWI \u2013 Sozial- und Wirtschaftswissenschaftliche Fakult\u00e4t Universit\u00e4tsstra\u00dfe 15, 6020 Innsbruck Weitere Ausstellungsfotos und Infos<\/p>\n","protected":false},"author":4,"featured_media":5385,"comment_status":"closed","ping_status":"closed","sticky":false,"template":"","format":"standard","meta":[],"categories":[1,16],"tags":[],"distributor_meta":false,"distributor_terms":false,"distributor_media":false,"distributor_original_site_name":"Initiative Minderheiten","distributor_original_site_url":"https:\/\/initiative.minderheiten.at\/wordpress","_links":{"self":[{"href":"https:\/\/initiative.minderheiten.at\/wordpress\/index.php\/wp-json\/wp\/v2\/posts\/5642"}],"collection":[{"href":"https:\/\/initiative.minderheiten.at\/wordpress\/index.php\/wp-json\/wp\/v2\/posts"}],"about":[{"href":"https:\/\/initiative.minderheiten.at\/wordpress\/index.php\/wp-json\/wp\/v2\/types\/post"}],"author":[{"embeddable":true,"href":"https:\/\/initiative.minderheiten.at\/wordpress\/index.php\/wp-json\/wp\/v2\/users\/4"}],"replies":[{"embeddable":true,"href":"https:\/\/initiative.minderheiten.at\/wordpress\/index.php\/wp-json\/wp\/v2\/comments?post=5642"}],"version-history":[{"count":11,"href":"https:\/\/initiative.minderheiten.at\/wordpress\/index.php\/wp-json\/wp\/v2\/posts\/5642\/revisions"}],"predecessor-version":[{"id":5697,"href":"https:\/\/initiative.minderheiten.at\/wordpress\/index.php\/wp-json\/wp\/v2\/posts\/5642\/revisions\/5697"}],"wp:featuredmedia":[{"embeddable":true,"href":"https:\/\/initiative.minderheiten.at\/wordpress\/index.php\/wp-json\/wp\/v2\/media\/5385"}],"wp:attachment":[{"href":"https:\/\/initiative.minderheiten.at\/wordpress\/index.php\/wp-json\/wp\/v2\/media?parent=5642"}],"wp:term":[{"taxonomy":"category","embeddable":true,"href":"https:\/\/initiative.minderheiten.at\/wordpress\/index.php\/wp-json\/wp\/v2\/categories?post=5642"},{"taxonomy":"post_tag","embeddable":true,"href":"https:\/\/initiative.minderheiten.at\/wordpress\/index.php\/wp-json\/wp\/v2\/tags?post=5642"}],"curies":[{"name":"wp","href":"https:\/\/api.w.org\/{rel}","templated":true}]}}