{"id":5717,"date":"2022-07-07T10:59:12","date_gmt":"2022-07-07T08:59:12","guid":{"rendered":"https:\/\/initiative.minderheiten.at\/wordpress\/?p=5717"},"modified":"2022-07-07T10:59:44","modified_gmt":"2022-07-07T08:59:44","slug":"die-dritte-option-die-aktuelle-stimmlage-von-hakan-guerses","status":"publish","type":"post","link":"https:\/\/initiative.minderheiten.at\/wordpress\/index.php\/2022\/07\/die-dritte-option-die-aktuelle-stimmlage-von-hakan-guerses\/","title":{"rendered":"\u201eDie dritte Option\u201c. Die aktuelle Stimmlage von Hakan G\u00fcrses"},"content":{"rendered":"\n<figure class=\"wp-block-image\"><img decoding=\"async\" loading=\"lazy\" width=\"578\" height=\"362\" src=\"https:\/\/initiative.minderheiten.at\/wordpress\/wp-content\/uploads\/2022\/07\/Bildschirmfoto-2022-07-07-um-10.50.32.png\" alt=\"\" class=\"wp-image-5718\" srcset=\"https:\/\/initiative.minderheiten.at\/wordpress\/wp-content\/uploads\/2022\/07\/Bildschirmfoto-2022-07-07-um-10.50.32.png 578w, https:\/\/initiative.minderheiten.at\/wordpress\/wp-content\/uploads\/2022\/07\/Bildschirmfoto-2022-07-07-um-10.50.32-300x188.png 300w, https:\/\/initiative.minderheiten.at\/wordpress\/wp-content\/uploads\/2022\/07\/Bildschirmfoto-2022-07-07-um-10.50.32-520x326.png 520w\" sizes=\"(max-width: 578px) 100vw, 578px\" \/><\/figure>\n\n\n\n<p>\u201e(\u2026)  Trotzdem gibt es heute wieder Krieg in unserer \u201eN\u00e4he\u201c, und dieser darf  laut dem Angreifer nicht einmal so hei\u00dfen. Wieder beherrschen zwei  Optionen, die Pro und Contra hei\u00dfen, das hei\u00dft f\u00fcr die eine oder andere  Kriegspartei, die \u00f6ffentlichen Debatten. Warum es nicht eine d r i t t e  Option geben kann, wird mit Realismus begr\u00fcndet: Jetzt den Krieg  beenden, hie\u00dfe, die Ukraine Russland zu \u00fcbergeben, somit auch u n s e r e  W e r t e aufzugeben.\u201c<\/p>\n\n\n\n<p><a href=\"https:\/\/www.imblog.at\/die-dritte-option\/\" target=\"_blank\" rel=\"noreferrer noopener\" aria-label=\"IM-Blog (\u00f6ffnet in neuem Tab)\">IM-Blog<\/a><\/p>\n","protected":false},"excerpt":{"rendered":"<p>\u201e(\u2026) Trotzdem gibt es heute wieder Krieg in unserer \u201eN\u00e4he\u201c, und dieser darf laut dem Angreifer nicht einmal so hei\u00dfen. Wieder beherrschen zwei Optionen, die Pro und Contra hei\u00dfen, das hei\u00dft f\u00fcr die eine oder andere Kriegspartei, die \u00f6ffentlichen Debatten.&#46;&#46;&#46;<\/p>\n","protected":false},"author":5,"featured_media":5718,"comment_status":"closed","ping_status":"closed","sticky":false,"template":"","format":"standard","meta":[],"categories":[1,16],"tags":[],"distributor_meta":false,"distributor_terms":false,"distributor_media":false,"distributor_original_site_name":"Initiative Minderheiten","distributor_original_site_url":"https:\/\/initiative.minderheiten.at\/wordpress","_links":{"self":[{"href":"https:\/\/initiative.minderheiten.at\/wordpress\/index.php\/wp-json\/wp\/v2\/posts\/5717"}],"collection":[{"href":"https:\/\/initiative.minderheiten.at\/wordpress\/index.php\/wp-json\/wp\/v2\/posts"}],"about":[{"href":"https:\/\/initiative.minderheiten.at\/wordpress\/index.php\/wp-json\/wp\/v2\/types\/post"}],"author":[{"embeddable":true,"href":"https:\/\/initiative.minderheiten.at\/wordpress\/index.php\/wp-json\/wp\/v2\/users\/5"}],"replies":[{"embeddable":true,"href":"https:\/\/initiative.minderheiten.at\/wordpress\/index.php\/wp-json\/wp\/v2\/comments?post=5717"}],"version-history":[{"count":2,"href":"https:\/\/initiative.minderheiten.at\/wordpress\/index.php\/wp-json\/wp\/v2\/posts\/5717\/revisions"}],"predecessor-version":[{"id":5720,"href":"https:\/\/initiative.minderheiten.at\/wordpress\/index.php\/wp-json\/wp\/v2\/posts\/5717\/revisions\/5720"}],"wp:featuredmedia":[{"embeddable":true,"href":"https:\/\/initiative.minderheiten.at\/wordpress\/index.php\/wp-json\/wp\/v2\/media\/5718"}],"wp:attachment":[{"href":"https:\/\/initiative.minderheiten.at\/wordpress\/index.php\/wp-json\/wp\/v2\/media?parent=5717"}],"wp:term":[{"taxonomy":"category","embeddable":true,"href":"https:\/\/initiative.minderheiten.at\/wordpress\/index.php\/wp-json\/wp\/v2\/categories?post=5717"},{"taxonomy":"post_tag","embeddable":true,"href":"https:\/\/initiative.minderheiten.at\/wordpress\/index.php\/wp-json\/wp\/v2\/tags?post=5717"}],"curies":[{"name":"wp","href":"https:\/\/api.w.org\/{rel}","templated":true}]}}