{"id":5864,"date":"2022-09-26T14:40:10","date_gmt":"2022-09-26T12:40:10","guid":{"rendered":"https:\/\/initiative.minderheiten.at\/wordpress\/?p=5864"},"modified":"2025-08-13T17:40:32","modified_gmt":"2025-08-13T15:40:32","slug":"symposium-macht-der-musik-minderheitenpolitische-interventionen","status":"publish","type":"post","link":"https:\/\/initiative.minderheiten.at\/wordpress\/index.php\/2022\/09\/symposium-macht-der-musik-minderheitenpolitische-interventionen\/","title":{"rendered":"Symposium: Macht der Musik &#8211; Minderheitenpolitische Interventionen | 28-29.10.2022 | mdw"},"content":{"rendered":"\n<p>Freitag, 28. Oktober 2022, 13:00 Uhr bis Samstag, 29. Oktober 2022, 18:00 Uhr<\/p>\n\n\n\n<p> mdw \u2013 Universit\u00e4t f\u00fcr Musik und darstellende Kunst Wien<br> Lothringerstra\u00dfe 18 bzw. Anton-von-Webern-Platz 1, 1030 Wien<\/p>\n\n\n\n<p>Franz Liszt-Saal und Joseph Haydn-Saal (Freitag), Fanny Hensel-Saal (Samstag) <\/p>\n\n\n\n<p>Barrierfrei zug\u00e4nglich!<\/p>\n\n\n\n<p>Freier Eintritt!<\/p>\n\n\n\n<figure class=\"wp-block-image is-resized\"><img decoding=\"async\" loading=\"lazy\" src=\"https:\/\/initiative.minderheiten.at\/wordpress\/wp-content\/uploads\/2022\/09\/Bildschirmfoto-2022-11-10-um-07.41.33.png\" alt=\"\" class=\"wp-image-6076\" width=\"454\" height=\"470\" srcset=\"https:\/\/initiative.minderheiten.at\/wordpress\/wp-content\/uploads\/2022\/09\/Bildschirmfoto-2022-11-10-um-07.41.33.png 574w, https:\/\/initiative.minderheiten.at\/wordpress\/wp-content\/uploads\/2022\/09\/Bildschirmfoto-2022-11-10-um-07.41.33-290x300.png 290w, https:\/\/initiative.minderheiten.at\/wordpress\/wp-content\/uploads\/2022\/09\/Bildschirmfoto-2022-11-10-um-07.41.33-520x538.png 520w\" sizes=\"(max-width: 454px) 100vw, 454px\" \/><figcaption class=\"wp-element-caption\">Esra \u00d6zmen , Isabel Frey und Josko Vlasich. Foto: Sabine Schwaighofer<\/figcaption><\/figure>\n\n\n\n<p>Die Tagung geht der Rolle von Musik und Tanz in minorit\u00e4ren \nZusammenh\u00e4ngen in \u00d6sterreich nach. An zwei Tagen treffen \nMusiker*innen\/Aktivist*innen und Wissenschaftler*innen aufeinander, um \nanhand unterschiedlicher thematischer Schwerpunkte Musik- und \nTanzpraxis, politischen Aktivismus und ethnomusikologische Forschung \nmiteinander in Austausch zu bringen. Ein Konzert und ein abschlie\u00dfender \nmusikalischer Ausklang begleiten die Tagung.<\/p>\n\n\n\n<p>Mit: Marwan Abado, Salah Ammo, Katrin Blantar, Karin Cheng, Isabel  Frey, Marie Th\u00e9r\u00e8se Kiriaky, Lens K\u00fchleitner, Nata\u0161a Mirkovi\u0107, Babak  Nikzat, Gabriela Novak-Karall, Esra \u00d6zmen, Hamidreza Ojaghi, Edi Ora\u017ee,  Sakina Teyna, Filip Tyran, Jo\u0161ko Vlasich und BRUJI.<\/p>\n\n\n\n<p>Eine Veranstaltung des<a rel=\"noreferrer noopener\" href=\"https:\/\/musicandminorities.org\/macht-der-musik\/\" target=\"_blank\"> Music and Minorities Research Center<\/a> (MMRC) und der Initiative Minderheiten.<\/p>\n\n\n\n<p><a rel=\"noreferrer noopener\" aria-label=\"Zum Programm (\u00f6ffnet in neuem Tab)\" href=\"https:\/\/www.musicandminorities.org\/macht-der-musik\/programm\/\" target=\"_blank\">Zum detaillierten Programm<\/a><\/p>\n\n\n\n<p>Die Veranstaltung wird in \u00d6sterreichischer Geb\u00e4rdensprache gedolmetscht.<\/p>\n\n\n\n<p>Gef\u00f6rdert von der <a rel=\"noreferrer noopener\" aria-label=\"Stadt Wien Kultur (\u00f6ffnet in neuem Tab)\" href=\"https:\/\/www.wien.gv.at\/kultur\/abteilung\/\" target=\"_blank\">Stadt Wien Kultur<\/a><\/p>\n\n\n\n<p><strong>Anmeldung erforderlich (bitte mit Angabe, welcher Workshop am Samstag besucht wird): <a href=\"mailto:mmrc@mdw.ac.at\">mmrc@mdw.ac.at<\/a><\/strong><\/p>\n\n\n\n<p><\/p>\n\n\n\n<p> <\/p>\n","protected":false},"excerpt":{"rendered":"<p>Freitag, 28. Oktober 2022, 13:00 Uhr bis Samstag, 29. Oktober 2022, 18:00 Uhr mdw \u2013 Universit\u00e4t f\u00fcr Musik und darstellende Kunst Wien Lothringerstra\u00dfe 18 bzw. Anton-von-Webern-Platz 1, 1030 Wien Franz Liszt-Saal und Joseph Haydn-Saal (Freitag), Fanny Hensel-Saal (Samstag) Barrierfrei zug\u00e4nglich!&#46;&#46;&#46;<\/p>\n","protected":false},"author":4,"featured_media":6076,"comment_status":"closed","ping_status":"closed","sticky":false,"template":"","format":"standard","meta":[],"categories":[1,16,49],"tags":[],"distributor_meta":false,"distributor_terms":false,"distributor_media":false,"distributor_original_site_name":"Initiative Minderheiten","distributor_original_site_url":"https:\/\/initiative.minderheiten.at\/wordpress","_links":{"self":[{"href":"https:\/\/initiative.minderheiten.at\/wordpress\/index.php\/wp-json\/wp\/v2\/posts\/5864"}],"collection":[{"href":"https:\/\/initiative.minderheiten.at\/wordpress\/index.php\/wp-json\/wp\/v2\/posts"}],"about":[{"href":"https:\/\/initiative.minderheiten.at\/wordpress\/index.php\/wp-json\/wp\/v2\/types\/post"}],"author":[{"embeddable":true,"href":"https:\/\/initiative.minderheiten.at\/wordpress\/index.php\/wp-json\/wp\/v2\/users\/4"}],"replies":[{"embeddable":true,"href":"https:\/\/initiative.minderheiten.at\/wordpress\/index.php\/wp-json\/wp\/v2\/comments?post=5864"}],"version-history":[{"count":23,"href":"https:\/\/initiative.minderheiten.at\/wordpress\/index.php\/wp-json\/wp\/v2\/posts\/5864\/revisions"}],"predecessor-version":[{"id":8916,"href":"https:\/\/initiative.minderheiten.at\/wordpress\/index.php\/wp-json\/wp\/v2\/posts\/5864\/revisions\/8916"}],"wp:featuredmedia":[{"embeddable":true,"href":"https:\/\/initiative.minderheiten.at\/wordpress\/index.php\/wp-json\/wp\/v2\/media\/6076"}],"wp:attachment":[{"href":"https:\/\/initiative.minderheiten.at\/wordpress\/index.php\/wp-json\/wp\/v2\/media?parent=5864"}],"wp:term":[{"taxonomy":"category","embeddable":true,"href":"https:\/\/initiative.minderheiten.at\/wordpress\/index.php\/wp-json\/wp\/v2\/categories?post=5864"},{"taxonomy":"post_tag","embeddable":true,"href":"https:\/\/initiative.minderheiten.at\/wordpress\/index.php\/wp-json\/wp\/v2\/tags?post=5864"}],"curies":[{"name":"wp","href":"https:\/\/api.w.org\/{rel}","templated":true}]}}