{"id":6140,"date":"2022-12-20T09:57:52","date_gmt":"2022-12-20T08:57:52","guid":{"rendered":"https:\/\/initiative.minderheiten.at\/wordpress\/?p=6140"},"modified":"2022-12-20T10:00:30","modified_gmt":"2022-12-20T09:00:30","slug":"die-initiative-minderheiten-erhaelt-den-demokratiepreis-2022-der-margaretha-lupac-stiftung","status":"publish","type":"post","link":"https:\/\/initiative.minderheiten.at\/wordpress\/index.php\/2022\/12\/die-initiative-minderheiten-erhaelt-den-demokratiepreis-2022-der-margaretha-lupac-stiftung\/","title":{"rendered":"Die Initiative Minderheiten erh\u00e4lt den Demokratiepreis 2022 der Margaretha Lupac-Stiftung"},"content":{"rendered":"\n<p>Mit gro\u00dfer Freude teilen wir mit, dass die <strong>Initiative\nMinderheiten<\/strong> mit dem <strong>Demokratiepreis 2022 der Margaretha Lupac-Stiftung<\/strong>\nausgezeichnet wurde. <\/p>\n\n\n\n<figure class=\"wp-block-image\"><img decoding=\"async\" loading=\"lazy\" width=\"512\" height=\"373\" src=\"https:\/\/initiative.minderheiten.at\/wordpress\/wp-content\/uploads\/2022\/12\/Bildschirmfoto-2022-12-20-um-09.50.27.png\" alt=\"\" class=\"wp-image-6142\" srcset=\"https:\/\/initiative.minderheiten.at\/wordpress\/wp-content\/uploads\/2022\/12\/Bildschirmfoto-2022-12-20-um-09.50.27.png 512w, https:\/\/initiative.minderheiten.at\/wordpress\/wp-content\/uploads\/2022\/12\/Bildschirmfoto-2022-12-20-um-09.50.27-300x219.png 300w\" sizes=\"(max-width: 512px) 100vw, 512px\" \/><\/figure>\n\n\n\n<p>Wir freuen uns zus\u00e4tzlich, diesen Preis gemeinsam mit Birgit Haller, der langj\u00e4hrigen Leiterin des Instituts f\u00fcr Konfliktforschung, erhalten zu haben.<\/p>\n\n\n\n<p>In der Begr\u00fcndung der Jury hei\u00dft es:<\/p>\n\n\n\n<p><em>&#8222;Mit dem Demokratiepreis 2022 werden (<\/em><em>\u2026<\/em><em>) erneut der Einsatz f<\/em><em>\u00fc<\/em><em>r Toleranz und Integration in der\nGesellschaft genauso wie Beitr<\/em><em>\u00e4<\/em><em>ge f<\/em><em>\u00fc<\/em><em>r die St<\/em><em>\u00e4<\/em><em>rkung der Minderheitenrechte oder auch der\nGeschlechterdemokratie auszeichnet. Ziel der Arbeit der Preistr<\/em><em>\u00e4<\/em><em>ger:innen ist die St<\/em><em>\u00e4<\/em><em>rkung des Dialogs in der politischen\nAuseinandersetzung (<\/em><em>\u2026<\/em><em>). Birgitt Haller und die Initiative Minderheiten\nstehen f<\/em><em>\u00fc<\/em><em>r (<\/em><em>\u2026<\/em><em>) St<\/em><em>\u00e4<\/em><em>rkung der Schwachen in der Gesellschaft und zeigen,\ndass (<\/em><em>\u2026<\/em><em>) diese\nUnterst<\/em><em>\u00fc<\/em><em>tzung einen\nwichtigen Beitrag zur Widerstandsf<\/em><em>\u00e4<\/em><em>higkeit unserer Demokratie leistet.&#8220;<\/em><\/p>\n\n\n\n<p>Mit dem Demokratiepreis der\nMargaretha Lupac-Stiftung werden seit 2014 hervorragende Verdienste um den\nParlamentarismus bzw. die Demokratie ausgezeichnet.<\/p>\n\n\n\n<p><a href=\"https:\/\/www.parlament.gv.at\/WWER\/MLST\/DPR\/index.shtml\" target=\"_blank\" rel=\"noreferrer noopener\" aria-label=\"Infos (\u00f6ffnet in neuem Tab)\">Infos<\/a><\/p>\n\n\n\n<p>Dank dieses so wichtigen Preises, sowie Ihrer gro\u00dfz\u00fcgigen Spenden und Bestellungen von vielen STIMME-Abos, und vor allem gest\u00e4rkt durch die vielen Solidarit\u00e4tsbekundungen, blicken wir optimistisch ins neue Jahr. <br><br>In diesem Sinne sagen wir DANKE und w\u00fcnschen sch\u00f6ne Feiertage und ein gutes Jahr 2023!<\/p>\n\n\n\n<p>Das Team der Initiative Minderheiten und der STIMME<\/p>\n\n\n\n<p><\/p>\n","protected":false},"excerpt":{"rendered":"<p>Mit gro\u00dfer Freude teilen wir mit, dass die Initiative Minderheiten mit dem Demokratiepreis 2022 der Margaretha Lupac-Stiftung ausgezeichnet wurde. Wir freuen uns zus\u00e4tzlich, diesen Preis gemeinsam mit Birgit Haller, der langj\u00e4hrigen Leiterin des Instituts f\u00fcr Konfliktforschung, erhalten zu haben. In&#46;&#46;&#46;<\/p>\n","protected":false},"author":5,"featured_media":6141,"comment_status":"closed","ping_status":"closed","sticky":false,"template":"","format":"standard","meta":[],"categories":[1,16],"tags":[],"distributor_meta":false,"distributor_terms":false,"distributor_media":false,"distributor_original_site_name":"Initiative Minderheiten","distributor_original_site_url":"https:\/\/initiative.minderheiten.at\/wordpress","_links":{"self":[{"href":"https:\/\/initiative.minderheiten.at\/wordpress\/index.php\/wp-json\/wp\/v2\/posts\/6140"}],"collection":[{"href":"https:\/\/initiative.minderheiten.at\/wordpress\/index.php\/wp-json\/wp\/v2\/posts"}],"about":[{"href":"https:\/\/initiative.minderheiten.at\/wordpress\/index.php\/wp-json\/wp\/v2\/types\/post"}],"author":[{"embeddable":true,"href":"https:\/\/initiative.minderheiten.at\/wordpress\/index.php\/wp-json\/wp\/v2\/users\/5"}],"replies":[{"embeddable":true,"href":"https:\/\/initiative.minderheiten.at\/wordpress\/index.php\/wp-json\/wp\/v2\/comments?post=6140"}],"version-history":[{"count":4,"href":"https:\/\/initiative.minderheiten.at\/wordpress\/index.php\/wp-json\/wp\/v2\/posts\/6140\/revisions"}],"predecessor-version":[{"id":6146,"href":"https:\/\/initiative.minderheiten.at\/wordpress\/index.php\/wp-json\/wp\/v2\/posts\/6140\/revisions\/6146"}],"wp:featuredmedia":[{"embeddable":true,"href":"https:\/\/initiative.minderheiten.at\/wordpress\/index.php\/wp-json\/wp\/v2\/media\/6141"}],"wp:attachment":[{"href":"https:\/\/initiative.minderheiten.at\/wordpress\/index.php\/wp-json\/wp\/v2\/media?parent=6140"}],"wp:term":[{"taxonomy":"category","embeddable":true,"href":"https:\/\/initiative.minderheiten.at\/wordpress\/index.php\/wp-json\/wp\/v2\/categories?post=6140"},{"taxonomy":"post_tag","embeddable":true,"href":"https:\/\/initiative.minderheiten.at\/wordpress\/index.php\/wp-json\/wp\/v2\/tags?post=6140"}],"curies":[{"name":"wp","href":"https:\/\/api.w.org\/{rel}","templated":true}]}}