{"id":6188,"date":"2023-01-19T10:01:18","date_gmt":"2023-01-19T09:01:18","guid":{"rendered":"https:\/\/initiative.minderheiten.at\/wordpress\/?p=6188"},"modified":"2023-02-28T18:02:54","modified_gmt":"2023-02-28T17:02:54","slug":"assistentinnen-fuer-selbstaendiges-leben-gesucht","status":"publish","type":"post","link":"https:\/\/initiative.minderheiten.at\/wordpress\/index.php\/2023\/01\/assistentinnen-fuer-selbstaendiges-leben-gesucht\/","title":{"rendered":"Assistent*innen f\u00fcr ein selbst\u00e4ndiges Leben gesucht"},"content":{"rendered":"\n<p>Die Situation f\u00fcr Menschen, die mit pers\u00f6nlicher Assistenz\nleben, wird immer untragbarer. Nicht zuletzt die Bezahlung der Assistent*innen\nmuss erh\u00f6ht werden!<\/p>\n\n\n\n<p>Eine die sich seit Jahren daf\u00fcr einsetzt, ist die Kulturwissenschaftlerin Elisabeth Magdlener. Die ZIB1 brachte letzte Woche ein Portr\u00e4t der Aktivistin und ihrer Forderung nach einer bedarfsgerechten und bundeseinheitlich geregelten Pers\u00f6nlichen Assistenz f\u00fcr Menschen mit Behinderungen. Hier nachzuschauen: <a rel=\"noreferrer noopener\" aria-label=\"ZIB1 (\u00f6ffnet in neuem Tab)\" href=\"https:\/\/tvthek.orf.at\/topic\/Leben-Lifestyle\/13869354\/ZIB-1\/14163798\/Assistenten-fuer-autonomes-Leben-gesucht\/15313244?fbclid=IwAR3RWmYi1mOuJXAVKlx8unGpwmDBWOS2NFJl9-rQWd4cSOH0WheijWgrJgc\" target=\"_blank\">ZIB1<\/a><\/p>\n\n\n\n<figure class=\"wp-block-image\"><img decoding=\"async\" loading=\"lazy\" width=\"1024\" height=\"586\" src=\"https:\/\/initiative.minderheiten.at\/wordpress\/wp-content\/uploads\/2023\/01\/Bildschirmfoto-2023-01-18-um-17.32.53-1024x586.png\" alt=\"\" class=\"wp-image-6190\" srcset=\"https:\/\/initiative.minderheiten.at\/wordpress\/wp-content\/uploads\/2023\/01\/Bildschirmfoto-2023-01-18-um-17.32.53.png 1024w, https:\/\/initiative.minderheiten.at\/wordpress\/wp-content\/uploads\/2023\/01\/Bildschirmfoto-2023-01-18-um-17.32.53-300x172.png 300w, https:\/\/initiative.minderheiten.at\/wordpress\/wp-content\/uploads\/2023\/01\/Bildschirmfoto-2023-01-18-um-17.32.53-768x440.png 768w, https:\/\/initiative.minderheiten.at\/wordpress\/wp-content\/uploads\/2023\/01\/Bildschirmfoto-2023-01-18-um-17.32.53-520x298.png 520w\" sizes=\"(max-width: 1024px) 100vw, 1024px\" \/><\/figure>\n\n\n\n<p><strong>Elisabeth Magdlener sucht selbst ganz dringend nach pers\u00f6nlichen Assisten*innen!<\/strong><\/p>\n\n\n\n<p>Pers\u00f6nliche Assistenz zur Alltagsunterst\u00fctzung erm\u00f6glicht\nMenschen mit Behinderungen ein autonomes Leben in der eigenen Wohnung zu\nf\u00fchren. Sie erm\u00f6glicht zu arbeiten, Beziehungen zu f\u00fchren, selbstbestimmt und\nnach den eigenen W\u00fcnschen und Bed\u00fcrfnissen den eigenen Platz in der\nGesellschaft zu finden. Pers\u00f6nlichen Assistent:innen \u201eleihen\u201c Menschen mit\nBehinderungen gegen Bezahlung ihre Arme und Beine. Sie unterst\u00fctzen in der\nFreizeit und am Arbeitsplatz genauso, wie bei grundlegenden Dingen, wie zum\nBeispiel Essen, Trinken, K\u00f6rperpflege oder Toilettengang. Mit der Hilfe von\nPers\u00f6nlicher Assistenz k\u00f6nnen Menschen mit Behinderungen ein selbstbestimmtes\nLeben au\u00dferhalb von Heimen und Einrichtungen f\u00fchren.<\/p>\n\n\n\n<div class=\"wp-block-file\"><a id=\"wp-block-file--media-0e6ec7fa-32b0-4e36-97ae-4d491aaa0d03\" href=\"https:\/\/initiative.minderheiten.at\/wordpress\/wp-content\/uploads\/2023\/01\/Inserat-f\u00fcr-die-Suche-einer-Pers\u00f6nlichen-Assistentin.pdf\">Inserat f\u00fcr die Suche einer Pers\u00f6nlichen Assistentin<\/a><a href=\"https:\/\/initiative.minderheiten.at\/wordpress\/wp-content\/uploads\/2023\/01\/Inserat-f\u00fcr-die-Suche-einer-Pers\u00f6nlichen-Assistentin.pdf\" class=\"wp-block-file__button wp-element-button\" download aria-describedby=\"wp-block-file--media-0e6ec7fa-32b0-4e36-97ae-4d491aaa0d03\">Herunterladen<\/a><\/div>\n\n\n\n<p>Bewerbungen unter: elisamagd@yahoo.de<\/p>\n","protected":false},"excerpt":{"rendered":"<p>Die Situation f\u00fcr Menschen, die mit pers\u00f6nlicher Assistenz leben, wird immer untragbarer. Nicht zuletzt die Bezahlung der Assistent*innen muss erh\u00f6ht werden! Eine die sich seit Jahren daf\u00fcr einsetzt, ist die Kulturwissenschaftlerin Elisabeth Magdlener. Die ZIB1 brachte letzte Woche ein Portr\u00e4t&#46;&#46;&#46;<\/p>\n","protected":false},"author":5,"featured_media":6190,"comment_status":"closed","ping_status":"closed","sticky":false,"template":"","format":"standard","meta":[],"categories":[1,16],"tags":[],"distributor_meta":false,"distributor_terms":false,"distributor_media":false,"distributor_original_site_name":"Initiative Minderheiten","distributor_original_site_url":"https:\/\/initiative.minderheiten.at\/wordpress","_links":{"self":[{"href":"https:\/\/initiative.minderheiten.at\/wordpress\/index.php\/wp-json\/wp\/v2\/posts\/6188"}],"collection":[{"href":"https:\/\/initiative.minderheiten.at\/wordpress\/index.php\/wp-json\/wp\/v2\/posts"}],"about":[{"href":"https:\/\/initiative.minderheiten.at\/wordpress\/index.php\/wp-json\/wp\/v2\/types\/post"}],"author":[{"embeddable":true,"href":"https:\/\/initiative.minderheiten.at\/wordpress\/index.php\/wp-json\/wp\/v2\/users\/5"}],"replies":[{"embeddable":true,"href":"https:\/\/initiative.minderheiten.at\/wordpress\/index.php\/wp-json\/wp\/v2\/comments?post=6188"}],"version-history":[{"count":4,"href":"https:\/\/initiative.minderheiten.at\/wordpress\/index.php\/wp-json\/wp\/v2\/posts\/6188\/revisions"}],"predecessor-version":[{"id":6241,"href":"https:\/\/initiative.minderheiten.at\/wordpress\/index.php\/wp-json\/wp\/v2\/posts\/6188\/revisions\/6241"}],"wp:featuredmedia":[{"embeddable":true,"href":"https:\/\/initiative.minderheiten.at\/wordpress\/index.php\/wp-json\/wp\/v2\/media\/6190"}],"wp:attachment":[{"href":"https:\/\/initiative.minderheiten.at\/wordpress\/index.php\/wp-json\/wp\/v2\/media?parent=6188"}],"wp:term":[{"taxonomy":"category","embeddable":true,"href":"https:\/\/initiative.minderheiten.at\/wordpress\/index.php\/wp-json\/wp\/v2\/categories?post=6188"},{"taxonomy":"post_tag","embeddable":true,"href":"https:\/\/initiative.minderheiten.at\/wordpress\/index.php\/wp-json\/wp\/v2\/tags?post=6188"}],"curies":[{"name":"wp","href":"https:\/\/api.w.org\/{rel}","templated":true}]}}