{"id":6252,"date":"2023-03-26T17:33:14","date_gmt":"2023-03-26T15:33:14","guid":{"rendered":"https:\/\/initiative.minderheiten.at\/wordpress\/?p=6252"},"modified":"2023-03-26T17:36:48","modified_gmt":"2023-03-26T15:36:48","slug":"wir-sind-sprachlos-und-unendlich-traurig-ueber-den-tod-unseres-langjaehrigen-vorstandsmitglieds-stimme-autors-und-freundes-erwin-riess-schriftsteller-politikwissenschaftler-und-behindertenaktivist","status":"publish","type":"post","link":"https:\/\/initiative.minderheiten.at\/wordpress\/index.php\/2023\/03\/wir-sind-sprachlos-und-unendlich-traurig-ueber-den-tod-unseres-langjaehrigen-vorstandsmitglieds-stimme-autors-und-freundes-erwin-riess-schriftsteller-politikwissenschaftler-und-behindertenaktivist\/","title":{"rendered":"Wir sind sprachlos und unendlich traurig \u00fcber den Tod unseres langj\u00e4hrigen Vorstandsmitglieds, Stimme-Autors und Freundes Erwin Riess."},"content":{"rendered":"\n<figure class=\"wp-block-image size-full\"><img decoding=\"async\" loading=\"lazy\" width=\"494\" height=\"627\" src=\"https:\/\/initiative.minderheiten.at\/wordpress\/wp-content\/uploads\/2023\/03\/Bildschirmfoto-2023-03-26-um-17.02.28.png\" alt=\"\" class=\"wp-image-6253\" srcset=\"https:\/\/initiative.minderheiten.at\/wordpress\/wp-content\/uploads\/2023\/03\/Bildschirmfoto-2023-03-26-um-17.02.28.png 494w, https:\/\/initiative.minderheiten.at\/wordpress\/wp-content\/uploads\/2023\/03\/Bildschirmfoto-2023-03-26-um-17.02.28-236x300.png 236w\" sizes=\"(max-width: 494px) 100vw, 494px\" \/><\/figure>\n\n\n\n<p><\/p>\n\n\n\n<p>Aus: <a href=\"https:\/\/stimme.minderheiten.at\/wordpress\/wp-content\/uploads\/sites\/3\/2021\/11\/Stimme_120_talk_s12-13.pdf\">Stimme 120\/2021<\/a>:<\/p>\n\n\n\n<p>In einer Welt der Ungleichheiten: K\u00e4mpfer:innen in Allianz.<\/p>\n\n\n\n<p>f\u00fcr Gerechtigkeit und Menschenrechte<\/p>\n\n\n\n<p>\u201eDie <a><\/a>Wahrheit liegt nicht in der Mitte\u201c<\/p>\n\n\n\n<p>Erwin Riess<\/p>\n\n\n\n<p>K\u00f6nnte Erwin Riess seinem 25-j\u00e4hrigem Ich einen Rat geben, so w\u00fcrde dieser lauten: \u201eLesen, denken, leben, lieben, nichts bereuen.\u201c Der Liebhaber von Donau, Schiffen und ungarischen Fischsuppen lebt heute abwechselnd in Wien-Floridsdorf und am W\u00f6rther See in K\u00e4rnten. Ein typischer Tag besteht bei Riess aus \u201earbeiten, trainieren, einkaufen und wieder arbeiten. Und Abenden beim Binder-Heurigen, wo der ,St\u00e4ndige Ausschuss zur L\u00f6sung s\u00e4mtlicher Weltr\u00e4tsel in Permanenz\u2018 tagt.\u201c<\/p>\n\n\n\n<p>Der Schriftsteller wurde 1957 in Wien geboren. Aufgewachsen ist er, wie er es selbst formuliert, in der Kremser Donauau und im Kremser Hafen. Als Jugendlicher wollte Riess Donaufischer werden \u2013 \u201esp\u00e4ter Donaumatrose, dann Donaukapit\u00e4n und jetzt, im Alter, Donaubeobachter\u201c. Nach der Schulzeit in Krems studierte er aber zun\u00e4chst einmal Politik- und Theaterwissenschaft an der Universit\u00e4t Wien und arbeitete als Verlagslektor. Von 1984 bis 1994 war er wissenschaftlicher Referent f\u00fcr behindertengerechtes Bauen im Wirtschaftsministerium. Riess unterrichtet seit vielen Jahren an der Universit\u00e4t Klagenfurt im Bereich \u201eIndependent Living\u201c.<\/p>\n\n\n\n<p>Bei all den finsteren Abgr\u00fcnden \u00d6sterreichs, in die Riess schaut, verliert er nie die Leichtigkeit, die seine Leser:innen schmunzeln l\u00e4sst. 2016 erschien ein ganz anderes Buch, das Riess gemeinsam mit Rudolf Likar, Primar an der Intensivstation des Klinikums Klagenfurt, herausgegeben hat: \u201eUnerh\u00f6rte Lust. Zur Sexualit\u00e4t behinderter und kranker Menschen\u201c. Das Buch versammelt Beitr\u00e4ge sowohl von Mediziner:innen, die sich mit Krankheitsbildern im Kontext der Sexualit\u00e4t besch\u00e4ftigen, als auch von Menschen mit Behinderung, die von ihrer \u201eunerh\u00f6rten Lust\u201c erz\u00e4hlen. Sehr zu empfehlen: \u201eUmwege zur Lust oder Herr Groll schreibt einen Brief\u201c, den Riess an den querschnittgel\u00e4hmten Sohn eines Freundes richtet.<\/p>\n\n\n\n<p>Seit 1994 arbeitet Riess als freier Schriftsteller. 2002 wurde er mit dem W\u00fcrdigungspreis des Landes Nieder\u00f6sterreich f\u00fcr Literatur ausgezeichnet. Das literarische Schaffen von Riess umfasst Erz\u00e4hlungen, Theaterst\u00fccke und Romane \u2013 die meisten davon mit seinem Prota- gonisten, dem Privatdetektiv Groll, Rollstuhlfahrer und Liebhaber der Binnenschifffahrt. Zumeist im Auf- trag seines v\u00e4terlichen Freundes, dem italo-amerikanischen Mafioso Giardano, reist Groll unter anderem nach K\u00e4rnten, um im \u201epolitischen Jurassic Park\u201c Europas zu ermitteln (in \u201eHerr Groll im Schatten der Karawanken\u201c), weiter nach Rom, um zwei Weltverschw\u00f6rungstheorien auf die Schliche zu kommen (in \u201eHerr Groll und die Stromschnellen des Tiber\u201c), und von New York, wo er sich immer wieder aufh\u00e4lt, nach Ungarn und \u00d6sterreich, um sich als Hilfsschlepper zu bet\u00e4tigen (in \u201eHerr Groll und die Donaupiraten\u201c). In seinem neuesten Roman geht es nach Salzburg: \u201eGroll und die W\u00f6lfe von Salzburg\u201c ist gerade im Otto M\u00fcller Verlag erschienen.<\/p>\n\n\n\n<p>Weiter: <a href=\"https:\/\/l.facebook.com\/l.php?u=https%3A%2F%2Fstimme.minderheiten.at%2Fwordpress%2Fwp-content%2Fuploads%2Fsites%2F3%2F2021%2F11%2FStimme_120_talk_s12-13.pdf%3Ffbclid%3DIwAR2sT1zDQg173yc-HoEz5MM610HU-pIQJxGRvrt6I0OH7OgrhpOezKCnMbY&amp;h=AT21-Wyeoz28WdJ25p813i7QHzTbSpJsYst_kxX1XCdbwXLEsCB44Ig-1xwITGV9zgu4GOIlEHEnqhqEBwk315n7Gtw8qfso-9fT8QdNHVl8YWWxvjWKzGEocjywUEw0yI_4273YDg&amp;__tn__=-UK-R&amp;c[0]=AT2W2zTCdJjm8KcMfeOSCDpRXKUJ1cQTtakDQRTjXdfgOzp0gRHWUITFXZpXk16K1mtTbVF-EDjBG10meKaLIGLoycszp0S43qs3ypJCSI-75A4hLIPK8c-5eSyUiX-PPOYYtzoEWrLdmLBk3FopdBdngZ8n2qioEhtZX87Z9nQ3lroE-t27Kz7pYEUwo731p7ggxlUSoaEqY0efaMi0VFiUDu1WGQt85wRxhQ\" rel=\"noreferrer noopener\" target=\"_blank\" class=\"broken_link\">https:\/\/stimme.minderheiten.at\/&#8230;\/Stimme_120_talk_s12-13&#8230;<\/a><\/p>\n\n\n\n<p>Von Romana Beer | Mitarbeit: Gamze Ongan<\/p>\n\n\n\n<p>Foto: Mehmet Emir (2021)<\/p>\n","protected":false},"excerpt":{"rendered":"<p>Aus: Stimme 120\/2021: In einer Welt der Ungleichheiten: K\u00e4mpfer:innen in Allianz. f\u00fcr Gerechtigkeit und Menschenrechte \u201eDie Wahrheit liegt nicht in der Mitte\u201c Erwin Riess K\u00f6nnte Erwin Riess seinem 25-j\u00e4hrigem Ich einen Rat geben, so w\u00fcrde dieser lauten: \u201eLesen, denken, leben,&#46;&#46;&#46;<\/p>\n","protected":false},"author":5,"featured_media":6253,"comment_status":"closed","ping_status":"closed","sticky":false,"template":"","format":"standard","meta":[],"categories":[1,16],"tags":[],"distributor_meta":false,"distributor_terms":false,"distributor_media":false,"distributor_original_site_name":"Initiative Minderheiten","distributor_original_site_url":"https:\/\/initiative.minderheiten.at\/wordpress","_links":{"self":[{"href":"https:\/\/initiative.minderheiten.at\/wordpress\/index.php\/wp-json\/wp\/v2\/posts\/6252"}],"collection":[{"href":"https:\/\/initiative.minderheiten.at\/wordpress\/index.php\/wp-json\/wp\/v2\/posts"}],"about":[{"href":"https:\/\/initiative.minderheiten.at\/wordpress\/index.php\/wp-json\/wp\/v2\/types\/post"}],"author":[{"embeddable":true,"href":"https:\/\/initiative.minderheiten.at\/wordpress\/index.php\/wp-json\/wp\/v2\/users\/5"}],"replies":[{"embeddable":true,"href":"https:\/\/initiative.minderheiten.at\/wordpress\/index.php\/wp-json\/wp\/v2\/comments?post=6252"}],"version-history":[{"count":4,"href":"https:\/\/initiative.minderheiten.at\/wordpress\/index.php\/wp-json\/wp\/v2\/posts\/6252\/revisions"}],"predecessor-version":[{"id":6259,"href":"https:\/\/initiative.minderheiten.at\/wordpress\/index.php\/wp-json\/wp\/v2\/posts\/6252\/revisions\/6259"}],"wp:featuredmedia":[{"embeddable":true,"href":"https:\/\/initiative.minderheiten.at\/wordpress\/index.php\/wp-json\/wp\/v2\/media\/6253"}],"wp:attachment":[{"href":"https:\/\/initiative.minderheiten.at\/wordpress\/index.php\/wp-json\/wp\/v2\/media?parent=6252"}],"wp:term":[{"taxonomy":"category","embeddable":true,"href":"https:\/\/initiative.minderheiten.at\/wordpress\/index.php\/wp-json\/wp\/v2\/categories?post=6252"},{"taxonomy":"post_tag","embeddable":true,"href":"https:\/\/initiative.minderheiten.at\/wordpress\/index.php\/wp-json\/wp\/v2\/tags?post=6252"}],"curies":[{"name":"wp","href":"https:\/\/api.w.org\/{rel}","templated":true}]}}