{"id":6289,"date":"2023-04-16T11:04:43","date_gmt":"2023-04-16T09:04:43","guid":{"rendered":"https:\/\/initiative.minderheiten.at\/wordpress\/?p=6289"},"modified":"2023-04-18T12:36:00","modified_gmt":"2023-04-18T10:36:00","slug":"goldenes-ehrenzeichen-fuer-verdienste-um-die-republik-oesterreich-fuer-michael-oertl","status":"publish","type":"post","link":"https:\/\/initiative.minderheiten.at\/wordpress\/index.php\/2023\/04\/goldenes-ehrenzeichen-fuer-verdienste-um-die-republik-oesterreich-fuer-michael-oertl\/","title":{"rendered":"Goldenes Ehrenzeichen f\u00fcr Verdienste um die Republik \u00d6sterreich f\u00fcr Michael Oertl"},"content":{"rendered":"\n<p>Am Donnerstag, 30. M\u00e4rz 2023 wurde Michael Oertl, Gr\u00fcnder der Initiative Minderheiten, das Goldene Ehrenzeichen f\u00fcr Verdienste um die Republik \u00d6sterreich feierlich verliehen. Wir gratulieren herzlich und freuen uns, dass das jahrzehntelange Engagement von Michael Oertl auf diese Weise geehrt wird!<\/p>\n\n\n\n<figure class=\"wp-block-image size-large\"><img decoding=\"async\" loading=\"lazy\" width=\"1024\" height=\"683\" src=\"https:\/\/initiative.minderheiten.at\/wordpress\/wp-content\/uploads\/2023\/04\/0S8A1325-1024x683.jpg\" alt=\"\" class=\"wp-image-6290\" srcset=\"https:\/\/initiative.minderheiten.at\/wordpress\/wp-content\/uploads\/2023\/04\/0S8A1325-1024x683.jpg 1024w, https:\/\/initiative.minderheiten.at\/wordpress\/wp-content\/uploads\/2023\/04\/0S8A1325-300x200.jpg 300w, https:\/\/initiative.minderheiten.at\/wordpress\/wp-content\/uploads\/2023\/04\/0S8A1325-768x512.jpg 768w, https:\/\/initiative.minderheiten.at\/wordpress\/wp-content\/uploads\/2023\/04\/0S8A1325-1536x1024.jpg 1536w, https:\/\/initiative.minderheiten.at\/wordpress\/wp-content\/uploads\/2023\/04\/0S8A1325-2048x1365.jpg 2048w, https:\/\/initiative.minderheiten.at\/wordpress\/wp-content\/uploads\/2023\/04\/0S8A1325-520x347.jpg 520w\" sizes=\"(max-width: 1024px) 100vw, 1024px\" \/><\/figure>\n\n\n\n<p><\/p>\n\n\n\n<p>Aus diesem Anlass teilen wir gerne das <a rel=\"noreferrer noopener\" href=\"https:\/\/stimme.minderheiten.at\/wordpress\/wp-content\/uploads\/sites\/3\/2021\/11\/Stimme_120_talk_s26-27.pdf\" target=\"_blank\">Portr\u00e4t von Michael Oertl <\/a>von\u00a0Beate Eder-Jordan, mit dem in der STIMME #120\/2021 \u201eIn einer Welt der Ungleichheiten: K\u00c4MPFER:INNEN in Allianz f\u00fcr Gerechtigkeit und Menschenrechte\u201c Michael Oertl als Initiator und \u201eGr\u00fcndungsvater\u201c ganz herzlich zum 70. Geburtstag gratuliert wurde.<\/p>\n\n\n\n<p>Foto: \u00a9 Alena Klinger<\/p>\n\n\n\n<p> <a rel=\"noreferrer noopener\" href=\"https:\/\/minorities.at\/ehrung-michael-oertl\/\" data-type=\"URL\" data-id=\"https:\/\/minorities.at\/ehrung-michael-oertl\/\" target=\"_blank\">IM-Tirol<\/a><\/p>\n\n\n\n<p><\/p>\n","protected":false},"excerpt":{"rendered":"<p>Am Donnerstag, 30. M\u00e4rz 2023 wurde Michael Oertl, Gr\u00fcnder der Initiative Minderheiten, das Goldene Ehrenzeichen f\u00fcr Verdienste um die Republik \u00d6sterreich feierlich verliehen. Wir gratulieren herzlich und freuen uns, dass das jahrzehntelange Engagement von Michael Oertl auf diese Weise geehrt&#46;&#46;&#46;<\/p>\n","protected":false},"author":5,"featured_media":6290,"comment_status":"closed","ping_status":"closed","sticky":false,"template":"","format":"standard","meta":[],"categories":[1,16],"tags":[],"distributor_meta":false,"distributor_terms":false,"distributor_media":false,"distributor_original_site_name":"Initiative Minderheiten","distributor_original_site_url":"https:\/\/initiative.minderheiten.at\/wordpress","_links":{"self":[{"href":"https:\/\/initiative.minderheiten.at\/wordpress\/index.php\/wp-json\/wp\/v2\/posts\/6289"}],"collection":[{"href":"https:\/\/initiative.minderheiten.at\/wordpress\/index.php\/wp-json\/wp\/v2\/posts"}],"about":[{"href":"https:\/\/initiative.minderheiten.at\/wordpress\/index.php\/wp-json\/wp\/v2\/types\/post"}],"author":[{"embeddable":true,"href":"https:\/\/initiative.minderheiten.at\/wordpress\/index.php\/wp-json\/wp\/v2\/users\/5"}],"replies":[{"embeddable":true,"href":"https:\/\/initiative.minderheiten.at\/wordpress\/index.php\/wp-json\/wp\/v2\/comments?post=6289"}],"version-history":[{"count":3,"href":"https:\/\/initiative.minderheiten.at\/wordpress\/index.php\/wp-json\/wp\/v2\/posts\/6289\/revisions"}],"predecessor-version":[{"id":6295,"href":"https:\/\/initiative.minderheiten.at\/wordpress\/index.php\/wp-json\/wp\/v2\/posts\/6289\/revisions\/6295"}],"wp:featuredmedia":[{"embeddable":true,"href":"https:\/\/initiative.minderheiten.at\/wordpress\/index.php\/wp-json\/wp\/v2\/media\/6290"}],"wp:attachment":[{"href":"https:\/\/initiative.minderheiten.at\/wordpress\/index.php\/wp-json\/wp\/v2\/media?parent=6289"}],"wp:term":[{"taxonomy":"category","embeddable":true,"href":"https:\/\/initiative.minderheiten.at\/wordpress\/index.php\/wp-json\/wp\/v2\/categories?post=6289"},{"taxonomy":"post_tag","embeddable":true,"href":"https:\/\/initiative.minderheiten.at\/wordpress\/index.php\/wp-json\/wp\/v2\/tags?post=6289"}],"curies":[{"name":"wp","href":"https:\/\/api.w.org\/{rel}","templated":true}]}}