{"id":6346,"date":"2023-09-11T14:03:54","date_gmt":"2023-09-11T12:03:54","guid":{"rendered":"https:\/\/initiative.minderheiten.at\/wordpress\/?p=6346"},"modified":"2023-09-13T15:40:22","modified_gmt":"2023-09-13T13:40:22","slug":"einreichfrist-fuer-den-oesterreichischen-inklusionspreis-2023-endet-mitte-september","status":"publish","type":"post","link":"https:\/\/initiative.minderheiten.at\/wordpress\/index.php\/2023\/09\/einreichfrist-fuer-den-oesterreichischen-inklusionspreis-2023-endet-mitte-september\/","title":{"rendered":"Einreichfrist f\u00fcr den \u00d6sterreichischen Inklusionspreis 2023 endet Mitte September."},"content":{"rendered":"\n<figure class=\"wp-block-image size-full is-resized\"><img decoding=\"async\" loading=\"lazy\" src=\"https:\/\/initiative.minderheiten.at\/wordpress\/wp-content\/uploads\/2023\/09\/Bildschirmfoto-2023-09-11-um-14.02.41.png\" alt=\"\" class=\"wp-image-6347\" width=\"346\" height=\"323\" srcset=\"https:\/\/initiative.minderheiten.at\/wordpress\/wp-content\/uploads\/2023\/09\/Bildschirmfoto-2023-09-11-um-14.02.41.png 499w, https:\/\/initiative.minderheiten.at\/wordpress\/wp-content\/uploads\/2023\/09\/Bildschirmfoto-2023-09-11-um-14.02.41-300x280.png 300w\" sizes=\"(max-width: 346px) 100vw, 346px\" \/><\/figure>\n\n\n\n<p>Bis 17. September 2023 k\u00f6nnen noch inklusive Projekte zum \u00d6sterreichischen Inklusionspreis eingereicht werden.<br><br>Die Lebenshilfe \u00d6sterreich erinnert daran, dass Einreichungen f\u00fcr den renommierten \u00d6sterreichischen Inklusionspreis noch bis zum 17. September 2023 m\u00f6glich sind. Der Preis wird in Kooperation mit den \u00d6sterreichischen Lotterien vergeben und zeichnet inklusive Projekte aus, die Menschen mit Behinderungen eine gleichberechtigte Teilhabe am gesellschaftlichen Leben erm\u00f6glichen. Am 28. November 2023 findet die Preisverleihung im Kursalon H\u00fcbner in Wien statt.<br><br>Der Inklusionspreis dient dazu, erfolgreiche Beispiele und soziale Innovationen f\u00fcr die Umsetzung von Inklusion in \u00d6sterreich aufzuzeigen. Schwerpunkt des diesj\u00e4hrigen Inklusionspreises: Gesellschaftliche Teilhabe &amp; Politik. Auf der \u00f6sterreichweiten Inklusionslandkarte der Lebenshilfe werden bereits ausgezeichneten Projekte pr\u00e4sentiert. Sie sollen wiederum andere motivieren, \u00e4hnliche Initiativen zu starten.<br>Einreichungen erfolgen online \u00fcber das Formular auf der Webseite der <a href=\"http:\/\/www.inklusionspreis.at\">Lebenshilfe \u00d6sterreich<\/a>. Dort sind auch weitere Informationen, u.a. in Leichter Sprache, verf\u00fcgbar. Institutionen, Schulen, Betriebe, Organisationen, Vereine, Plattformen, Projekte, Initiativen, Begleitungs- und Unterst\u00fctzungseinrichtungen, Assistenzprojekte, Freiwilligeninitiativen und engagierte Privatpersonen k\u00f6nnen zum Inklusionspreis einreichen. Der Bewerbungszeitraum f\u00fcr den Inklusionspreis endet am 17. September 2023.<br><br>Die Preisverleihungsgala findet am 28. November 2023 im Kursalon in Wien statt. Eine unabh\u00e4ngige Jury wird je Bundesland ein Projekt mit dem Inklusionspreis 2023 auszeichnen. Zus\u00e4tzlich wird ein Projekt als bundesweiter Preistr\u00e4ger mit 5.000 Euro, bereitgestellt von den \u00d6sterreichischen Lotterien, pr\u00e4miert.<br><br>Alle Infos unter: <a href=\"https:\/\/www.lebenshilfe.at\/inklusion\/inklusionspreis\/\">Lebenshilfe \u00d6sterreich<\/a><\/p>\n","protected":false},"excerpt":{"rendered":"<p>Bis 17. September 2023 k\u00f6nnen noch inklusive Projekte zum \u00d6sterreichischen Inklusionspreis eingereicht werden. Die Lebenshilfe \u00d6sterreich erinnert daran, dass Einreichungen f\u00fcr den renommierten \u00d6sterreichischen Inklusionspreis noch bis zum 17. September 2023 m\u00f6glich sind. Der Preis wird in Kooperation mit den&#46;&#46;&#46;<\/p>\n","protected":false},"author":5,"featured_media":6347,"comment_status":"closed","ping_status":"closed","sticky":false,"template":"","format":"standard","meta":[],"categories":[1,16],"tags":[],"distributor_meta":false,"distributor_terms":false,"distributor_media":false,"distributor_original_site_name":"Initiative Minderheiten","distributor_original_site_url":"https:\/\/initiative.minderheiten.at\/wordpress","_links":{"self":[{"href":"https:\/\/initiative.minderheiten.at\/wordpress\/index.php\/wp-json\/wp\/v2\/posts\/6346"}],"collection":[{"href":"https:\/\/initiative.minderheiten.at\/wordpress\/index.php\/wp-json\/wp\/v2\/posts"}],"about":[{"href":"https:\/\/initiative.minderheiten.at\/wordpress\/index.php\/wp-json\/wp\/v2\/types\/post"}],"author":[{"embeddable":true,"href":"https:\/\/initiative.minderheiten.at\/wordpress\/index.php\/wp-json\/wp\/v2\/users\/5"}],"replies":[{"embeddable":true,"href":"https:\/\/initiative.minderheiten.at\/wordpress\/index.php\/wp-json\/wp\/v2\/comments?post=6346"}],"version-history":[{"count":2,"href":"https:\/\/initiative.minderheiten.at\/wordpress\/index.php\/wp-json\/wp\/v2\/posts\/6346\/revisions"}],"predecessor-version":[{"id":6355,"href":"https:\/\/initiative.minderheiten.at\/wordpress\/index.php\/wp-json\/wp\/v2\/posts\/6346\/revisions\/6355"}],"wp:featuredmedia":[{"embeddable":true,"href":"https:\/\/initiative.minderheiten.at\/wordpress\/index.php\/wp-json\/wp\/v2\/media\/6347"}],"wp:attachment":[{"href":"https:\/\/initiative.minderheiten.at\/wordpress\/index.php\/wp-json\/wp\/v2\/media?parent=6346"}],"wp:term":[{"taxonomy":"category","embeddable":true,"href":"https:\/\/initiative.minderheiten.at\/wordpress\/index.php\/wp-json\/wp\/v2\/categories?post=6346"},{"taxonomy":"post_tag","embeddable":true,"href":"https:\/\/initiative.minderheiten.at\/wordpress\/index.php\/wp-json\/wp\/v2\/tags?post=6346"}],"curies":[{"name":"wp","href":"https:\/\/api.w.org\/{rel}","templated":true}]}}