{"id":6349,"date":"2023-09-13T11:54:22","date_gmt":"2023-09-13T09:54:22","guid":{"rendered":"https:\/\/initiative.minderheiten.at\/wordpress\/?p=6349"},"modified":"2023-09-13T15:38:54","modified_gmt":"2023-09-13T13:38:54","slug":"dabate-club-kulturelle-aneignung","status":"publish","type":"post","link":"https:\/\/initiative.minderheiten.at\/wordpress\/index.php\/2023\/09\/dabate-club-kulturelle-aneignung\/","title":{"rendered":"Debate Club: Kulturelle Aneignung"},"content":{"rendered":"\n<figure class=\"wp-block-image size-full is-resized\"><img decoding=\"async\" loading=\"lazy\" src=\"https:\/\/initiative.minderheiten.at\/wordpress\/wp-content\/uploads\/2023\/09\/Bildschirmfoto-2023-09-13-um-11.47.34.png\" alt=\"\" class=\"wp-image-6350\" width=\"584\" height=\"375\" srcset=\"https:\/\/initiative.minderheiten.at\/wordpress\/wp-content\/uploads\/2023\/09\/Bildschirmfoto-2023-09-13-um-11.47.34.png 641w, https:\/\/initiative.minderheiten.at\/wordpress\/wp-content\/uploads\/2023\/09\/Bildschirmfoto-2023-09-13-um-11.47.34-300x192.png 300w, https:\/\/initiative.minderheiten.at\/wordpress\/wp-content\/uploads\/2023\/09\/Bildschirmfoto-2023-09-13-um-11.47.34-520x333.png 520w\" sizes=\"(max-width: 584px) 100vw, 584px\" \/><\/figure>\n\n\n\n<p><\/p>\n\n\n\n<p>13. September 2023, 18:30 Uhr, J\u00fcdisches Museum Wien<\/p>\n\n\n\n<p>Dorotheergasse 11, 1010 Wien<\/p>\n\n\n\n<p>Mit:<\/p>\n\n\n\n<p>Jessica Beer (Vorstandsmitglied der Initiative Minderheiten) und Benjamin Guttmann (Mitglied des Exekutivkommitees J\u00fcdischer Weltkongress). Museumsdirektorin Barbara Staudinger wird die Diskussion moderieren.<\/p>\n\n\n\n<p>Es wird hei\u00df und spannend &#8211; beim Debate Club zu kultureller Aneignung. Ob das Casting von Golda Meir oder der Fall des Berliner Journalisten Fabian Wolff. Kulturelle Aneignung und Fake-Identit\u00e4ten wurden heuer im Sommer hei\u00df diskutiert. Und auch unsere Ausstellung \u201eSuperjuden. J\u00fcdische Identit\u00e4t im Fu\u00dfballstadion\u201c hat einiges dazu zu sagen. Ma\u00dfen sich nichtj\u00fcdische Ajax Amsterdam-Fans, die die israelische Fahne schwingen, oder Tottenham Anh\u00e4nger:innen, die sich selbst \u201eYids\u201c nennen, eine j\u00fcdische Identit\u00e4t an, ist es kulturelle Aneignung oder nur eine positive Umwertung des Antisemitismus der gegnerischen Fans? Was ist \u00fcberhaupt kulturelle Aneignung und wie gehen wir damit um?<\/p>\n\n\n\n<p><\/p>\n\n\n\n<p><a href=\"https:\/\/www.jmw.at\/events\/debate_club_kulturelle_aneignung?fbclid=IwAR0t68QileLqeO64caMLMl3b7Plh6U57SQEujCgmtGkgMyCeL4kumqe9f-U\">Weitere Infos und Anmeldung<\/a><\/p>\n","protected":false},"excerpt":{"rendered":"<p>13. September 2023, 18:30 Uhr, J\u00fcdisches Museum Wien Dorotheergasse 11, 1010 Wien Mit: Jessica Beer (Vorstandsmitglied der Initiative Minderheiten) und Benjamin Guttmann (Mitglied des Exekutivkommitees J\u00fcdischer Weltkongress). Museumsdirektorin Barbara Staudinger wird die Diskussion moderieren. Es wird hei\u00df und spannend &#8211;&#46;&#46;&#46;<\/p>\n","protected":false},"author":5,"featured_media":6350,"comment_status":"closed","ping_status":"closed","sticky":false,"template":"","format":"standard","meta":[],"categories":[1,16],"tags":[],"distributor_meta":false,"distributor_terms":false,"distributor_media":false,"distributor_original_site_name":"Initiative Minderheiten","distributor_original_site_url":"https:\/\/initiative.minderheiten.at\/wordpress","_links":{"self":[{"href":"https:\/\/initiative.minderheiten.at\/wordpress\/index.php\/wp-json\/wp\/v2\/posts\/6349"}],"collection":[{"href":"https:\/\/initiative.minderheiten.at\/wordpress\/index.php\/wp-json\/wp\/v2\/posts"}],"about":[{"href":"https:\/\/initiative.minderheiten.at\/wordpress\/index.php\/wp-json\/wp\/v2\/types\/post"}],"author":[{"embeddable":true,"href":"https:\/\/initiative.minderheiten.at\/wordpress\/index.php\/wp-json\/wp\/v2\/users\/5"}],"replies":[{"embeddable":true,"href":"https:\/\/initiative.minderheiten.at\/wordpress\/index.php\/wp-json\/wp\/v2\/comments?post=6349"}],"version-history":[{"count":3,"href":"https:\/\/initiative.minderheiten.at\/wordpress\/index.php\/wp-json\/wp\/v2\/posts\/6349\/revisions"}],"predecessor-version":[{"id":6354,"href":"https:\/\/initiative.minderheiten.at\/wordpress\/index.php\/wp-json\/wp\/v2\/posts\/6349\/revisions\/6354"}],"wp:featuredmedia":[{"embeddable":true,"href":"https:\/\/initiative.minderheiten.at\/wordpress\/index.php\/wp-json\/wp\/v2\/media\/6350"}],"wp:attachment":[{"href":"https:\/\/initiative.minderheiten.at\/wordpress\/index.php\/wp-json\/wp\/v2\/media?parent=6349"}],"wp:term":[{"taxonomy":"category","embeddable":true,"href":"https:\/\/initiative.minderheiten.at\/wordpress\/index.php\/wp-json\/wp\/v2\/categories?post=6349"},{"taxonomy":"post_tag","embeddable":true,"href":"https:\/\/initiative.minderheiten.at\/wordpress\/index.php\/wp-json\/wp\/v2\/tags?post=6349"}],"curies":[{"name":"wp","href":"https:\/\/api.w.org\/{rel}","templated":true}]}}