{"id":6480,"date":"2023-10-06T15:58:05","date_gmt":"2023-10-06T13:58:05","guid":{"rendered":"https:\/\/initiative.minderheiten.at\/wordpress\/?p=6480"},"modified":"2024-11-28T17:01:17","modified_gmt":"2024-11-28T16:01:17","slug":"vortragsreihe-zur-politischen-erwachsenenbildung-evidenzbasierter-glaube-gegen-postfaktische-herrschaftskritik","status":"publish","type":"post","link":"https:\/\/initiative.minderheiten.at\/wordpress\/index.php\/2023\/10\/vortragsreihe-zur-politischen-erwachsenenbildung-evidenzbasierter-glaube-gegen-postfaktische-herrschaftskritik\/","title":{"rendered":"Vortragsreihe zur politischen Erwachsenenbildung. Evidenzbasierter Glaube gegen postfaktische Herrschaftskritik"},"content":{"rendered":"\n<p><strong>Perspektiven der politischen Erwachsenenbildung auf eine neue Verwerfung<\/strong>.<\/p>\n\n\n\n<p>Vortrag von Melanie Pichler: &#8222;Die Klimakrise bearbeiten, aber wie?&#8220;<\/p>\n\n\n\n<p>10. Oktober, 19 Uhr | <a href=\"https:\/\/www.facebook.com\/DepotWien?__cft__[0]=AZUQbKZt12mQneewkHyZi_nV3ZVrSdqFk8htZGzgwD4xNMKAbEBcAfy-JQZsCwjjyoGIDUxIJl64uPqcPerP00fRWt3m6rDpX1KudxFvGW4s1-Lr0n-MLUzgFc7O6t4IXubro6e4hSFX6YJyWPz83o_c4qEvTko-cXTGKmVGsC4SuOPqnqVpPWAcLwZ8L5n_bT0&amp;__tn__=-]K-R\" class=\"broken_link\">Depot &#8211; Kunst und Diskussion<\/a>.<\/p>\n\n\n\n<p>Mit der Zuspitzung der Klimakrise nehmen auch in \u00d6sterreich die gesellschaftlichen Konflikte zu. Klimaaktivist:innen fordern ein entschlosseneres Vorgehen der Politik, fossile Lobbys verteidigen ihre Gesch\u00e4ftsmodelle und w\u00fctende B\u00fcrger:innen ihre Alltagsgewohnheiten.<\/p>\n\n\n\n<p>Die Frage ist dabei weniger, ob der Klimawandel menschengemacht ist, sondern wie wir als Gesellschaft damit umgehen. Der Vortrag diskutiert den politischen Charakter der Klimakrise und analysiert unterschiedliche Strategien im Umgang mit den Ursachen und Folgen ebendieser.<\/p>\n\n\n\n<p>Eine Vortragsreihe der \u00d6sterrereichischen Gesellschaft f\u00fcr politische Bildung (\u00d6GPB) in Kooperation mit dem Depot und dem Institut f\u00fcr Wissenschaft und Kunst (IWK)<\/p>\n\n\n\n<figure class=\"wp-block-image size-full is-resized\"><img decoding=\"async\" loading=\"lazy\" src=\"https:\/\/initiative.minderheiten.at\/wordpress\/wp-content\/uploads\/2023\/10\/Bildschirmfoto-2023-10-06-um-15.50.08.png\" alt=\"\" class=\"wp-image-6483\" width=\"433\" height=\"348\" srcset=\"https:\/\/initiative.minderheiten.at\/wordpress\/wp-content\/uploads\/2023\/10\/Bildschirmfoto-2023-10-06-um-15.50.08.png 519w, https:\/\/initiative.minderheiten.at\/wordpress\/wp-content\/uploads\/2023\/10\/Bildschirmfoto-2023-10-06-um-15.50.08-300x241.png 300w\" sizes=\"(max-width: 433px) 100vw, 433px\" \/><\/figure>\n\n\n\n<p><\/p>\n\n\n\n<p>Die Eurobarometer-Umfrage 2021 attestierte der \u00f6sterreichischen Bev\u00f6lkerung auffallendes Desinteresse an Wissenschaft und Forschung. Den positiven Einfluss der Wissenschaft auf die Gesellschaft sch\u00e4tzt sie als sehr gering ein, und rund ein Drittel der hierzulande Befragten glaubt au\u00dferdem, Forscher*innen seien nicht ehrlich. Die relativ gro\u00dfe Anzahl der Impfgegner*innen in \u00d6sterreich verst\u00e4rkt ebenfalls die Vermutung, wir w\u00fcrden in der Hochburg der Wissenschaftsskepsis leben.<br><br>Die weltweiten Demonstrationen und andere Protestaktionen gegen staatlich verordnete Ma\u00dfnahmen w\u00e4hrend der Corona-Pandemie relativieren jedoch diesen Befund; wir haben es wohl mit einem globalen Ph\u00e4nomen zu tun: Spaltung der Gesellschaft entlang der Frage nach dem \u201erichtigen\u201c Wissen und dem Umgang der Politik damit.<br><br>Die \u00d6GPB setzt ihre seit 2010 stattfindende j\u00e4hrliche Vortragsreihe zur politischen Erwachsenenbildung auch 2023 fort. Neben dem langj\u00e4hrigen Kooperationspartner Depot ist heuer das Institut f\u00fcr Wissenschaft und Kunst (IWK) Mitveranstalter. In den beiden H\u00e4usern finden im Herbst 2023 vier Vortr\u00e4ge zu den oben geschilderten Fragen statt.<\/p>\n\n\n\n<p>Weitere Informationen: <a href=\"https:\/\/www.politischebildung.at\/bildungsangebote\/vortragsreihe-zur-politischen-erwachsenenbildung\/\" data-type=\"URL\" data-id=\"https:\/\/www.politischebildung.at\/bildungsangebote\/vortragsreihe-zur-politischen-erwachsenenbildung\/\" target=\"_blank\" rel=\"noreferrer noopener\">\u00d6sterreichische Gesellschaft f\u00fcr politische Bildung<\/a><\/p>\n","protected":false},"excerpt":{"rendered":"<p>Perspektiven der politischen Erwachsenenbildung auf eine neue Verwerfung. Vortrag von Melanie Pichler: &#8222;Die Klimakrise bearbeiten, aber wie?&#8220; 10. Oktober, 19 Uhr | Depot &#8211; Kunst und Diskussion. Mit der Zuspitzung der Klimakrise nehmen auch in \u00d6sterreich die gesellschaftlichen Konflikte zu.&#46;&#46;&#46;<\/p>\n","protected":false},"author":5,"featured_media":6483,"comment_status":"closed","ping_status":"closed","sticky":false,"template":"","format":"standard","meta":[],"categories":[1,16],"tags":[],"distributor_meta":false,"distributor_terms":false,"distributor_media":false,"distributor_original_site_name":"Initiative Minderheiten","distributor_original_site_url":"https:\/\/initiative.minderheiten.at\/wordpress","_links":{"self":[{"href":"https:\/\/initiative.minderheiten.at\/wordpress\/index.php\/wp-json\/wp\/v2\/posts\/6480"}],"collection":[{"href":"https:\/\/initiative.minderheiten.at\/wordpress\/index.php\/wp-json\/wp\/v2\/posts"}],"about":[{"href":"https:\/\/initiative.minderheiten.at\/wordpress\/index.php\/wp-json\/wp\/v2\/types\/post"}],"author":[{"embeddable":true,"href":"https:\/\/initiative.minderheiten.at\/wordpress\/index.php\/wp-json\/wp\/v2\/users\/5"}],"replies":[{"embeddable":true,"href":"https:\/\/initiative.minderheiten.at\/wordpress\/index.php\/wp-json\/wp\/v2\/comments?post=6480"}],"version-history":[{"count":3,"href":"https:\/\/initiative.minderheiten.at\/wordpress\/index.php\/wp-json\/wp\/v2\/posts\/6480\/revisions"}],"predecessor-version":[{"id":6486,"href":"https:\/\/initiative.minderheiten.at\/wordpress\/index.php\/wp-json\/wp\/v2\/posts\/6480\/revisions\/6486"}],"wp:featuredmedia":[{"embeddable":true,"href":"https:\/\/initiative.minderheiten.at\/wordpress\/index.php\/wp-json\/wp\/v2\/media\/6483"}],"wp:attachment":[{"href":"https:\/\/initiative.minderheiten.at\/wordpress\/index.php\/wp-json\/wp\/v2\/media?parent=6480"}],"wp:term":[{"taxonomy":"category","embeddable":true,"href":"https:\/\/initiative.minderheiten.at\/wordpress\/index.php\/wp-json\/wp\/v2\/categories?post=6480"},{"taxonomy":"post_tag","embeddable":true,"href":"https:\/\/initiative.minderheiten.at\/wordpress\/index.php\/wp-json\/wp\/v2\/tags?post=6480"}],"curies":[{"name":"wp","href":"https:\/\/api.w.org\/{rel}","templated":true}]}}