{"id":6874,"date":"2023-12-15T14:40:34","date_gmt":"2023-12-15T13:40:34","guid":{"rendered":"https:\/\/initiative.minderheiten.at\/wordpress\/?p=6874"},"modified":"2023-12-15T15:11:54","modified_gmt":"2023-12-15T14:11:54","slug":"das-grauen-von-gestern-vor-30-jahren-begann-eine-serie-rechtsextremer-terroranschlaege-in-oesterreich","status":"publish","type":"post","link":"https:\/\/initiative.minderheiten.at\/wordpress\/index.php\/2023\/12\/das-grauen-von-gestern-vor-30-jahren-begann-eine-serie-rechtsextremer-terroranschlaege-in-oesterreich\/","title":{"rendered":"Armin Thurnher \u00fcber den Briefbombenterror vor 30 Jahren"},"content":{"rendered":"\n<p><\/p>\n\n\n\n<p><\/p>\n\n\n\n<figure class=\"wp-block-image size-full\"><img decoding=\"async\" loading=\"lazy\" width=\"665\" height=\"273\" src=\"https:\/\/initiative.minderheiten.at\/wordpress\/wp-content\/uploads\/2023\/12\/Bildschirmfoto-2023-12-15-um-14.50.27.png\" alt=\"\" class=\"wp-image-6889\" srcset=\"https:\/\/initiative.minderheiten.at\/wordpress\/wp-content\/uploads\/2023\/12\/Bildschirmfoto-2023-12-15-um-14.50.27.png 665w, https:\/\/initiative.minderheiten.at\/wordpress\/wp-content\/uploads\/2023\/12\/Bildschirmfoto-2023-12-15-um-14.50.27-300x123.png 300w, https:\/\/initiative.minderheiten.at\/wordpress\/wp-content\/uploads\/2023\/12\/Bildschirmfoto-2023-12-15-um-14.50.27-520x213.png 520w\" sizes=\"(max-width: 665px) 100vw, 665px\" \/><\/figure>\n\n\n\n<p>Vergangenen Montag war ich mit anderen eingeladen, im Wiener Volkskunde-Museum \u00fcber den 30 Jahre zur\u00fcckliegenden <a rel=\"noreferrer noopener\" href=\"https:\/\/initiative.minderheiten.at\/wordpress\/index.php\/2023\/11\/04-12-23-auftaktveranstaltung-zur-ausstellung\/\" target=\"_blank\">Beginn der hiesigen Terroranschl\u00e4ge<\/a> zu diskutieren, \u00fcber eine Serie von Attentaten, bei der unter anderem die ORF-Moderatorin Silvana Meixner und der Wiener B\u00fcrgermeister Helmut Zilk durch Briefbomben schwer verletzt wurden, und wo bei einem Sprengfallenanschlag in Oberwart vier burgenl\u00e4ndische Roma get\u00f6tet wurden.<\/p>\n\n\n\n<p>Der Verein \u201eInitiative Minderheiten\u201c <a rel=\"noreferrer noopener\" href=\"https:\/\/initiative.minderheiten.at\/wordpress\/index.php\/2023\/11\/04-12-23-auftaktveranstaltung-zur-ausstellung\/\" target=\"_blank\">veranstaltete einen Auftakttag<\/a>, mit dem auch auf eine zum Jahrestag dieses Terroranschlags n\u00e4chstes Jahr geplante Ausstellung hingewiesen wird. Doron Rabonivici, Andreas Peham und Judith Goetz hielten Referate, ich durfte dann als einziger au\u00dfer der Moderatorin Vida Bakondy nicht von einem Attentat Betroffener oder Bedrohter mit Manuela Horvath, Jo\u017ea Messner, Martin Schenk und Terezija Stoisits diskutieren.<\/p>\n\n\n\n<p>Weiter zur <a href=\"https:\/\/www.falter.at\/seuchenkolumne\/20231206\/vor-30-jahren-begann-eine-serie-rechtsextremen-terrors-in-oesterreich\" target=\"_blank\" rel=\"noreferrer noopener\">Falter Kolumne<\/a><\/p>\n","protected":false},"excerpt":{"rendered":"<p>Vergangenen Montag war ich mit anderen eingeladen, im Wiener Volkskunde-Museum \u00fcber den 30 Jahre zur\u00fcckliegenden Beginn der hiesigen Terroranschl\u00e4ge zu diskutieren, \u00fcber eine Serie von Attentaten, bei der unter anderem die ORF-Moderatorin Silvana Meixner und der Wiener B\u00fcrgermeister Helmut Zilk&#46;&#46;&#46;<\/p>\n","protected":false},"author":5,"featured_media":6888,"comment_status":"closed","ping_status":"closed","sticky":false,"template":"","format":"standard","meta":[],"categories":[1,16],"tags":[],"distributor_meta":false,"distributor_terms":false,"distributor_media":false,"distributor_original_site_name":"Initiative Minderheiten","distributor_original_site_url":"https:\/\/initiative.minderheiten.at\/wordpress","_links":{"self":[{"href":"https:\/\/initiative.minderheiten.at\/wordpress\/index.php\/wp-json\/wp\/v2\/posts\/6874"}],"collection":[{"href":"https:\/\/initiative.minderheiten.at\/wordpress\/index.php\/wp-json\/wp\/v2\/posts"}],"about":[{"href":"https:\/\/initiative.minderheiten.at\/wordpress\/index.php\/wp-json\/wp\/v2\/types\/post"}],"author":[{"embeddable":true,"href":"https:\/\/initiative.minderheiten.at\/wordpress\/index.php\/wp-json\/wp\/v2\/users\/5"}],"replies":[{"embeddable":true,"href":"https:\/\/initiative.minderheiten.at\/wordpress\/index.php\/wp-json\/wp\/v2\/comments?post=6874"}],"version-history":[{"count":12,"href":"https:\/\/initiative.minderheiten.at\/wordpress\/index.php\/wp-json\/wp\/v2\/posts\/6874\/revisions"}],"predecessor-version":[{"id":6900,"href":"https:\/\/initiative.minderheiten.at\/wordpress\/index.php\/wp-json\/wp\/v2\/posts\/6874\/revisions\/6900"}],"wp:featuredmedia":[{"embeddable":true,"href":"https:\/\/initiative.minderheiten.at\/wordpress\/index.php\/wp-json\/wp\/v2\/media\/6888"}],"wp:attachment":[{"href":"https:\/\/initiative.minderheiten.at\/wordpress\/index.php\/wp-json\/wp\/v2\/media?parent=6874"}],"wp:term":[{"taxonomy":"category","embeddable":true,"href":"https:\/\/initiative.minderheiten.at\/wordpress\/index.php\/wp-json\/wp\/v2\/categories?post=6874"},{"taxonomy":"post_tag","embeddable":true,"href":"https:\/\/initiative.minderheiten.at\/wordpress\/index.php\/wp-json\/wp\/v2\/tags?post=6874"}],"curies":[{"name":"wp","href":"https:\/\/api.w.org\/{rel}","templated":true}]}}