{"id":7685,"date":"2024-10-10T15:48:31","date_gmt":"2024-10-10T13:48:31","guid":{"rendered":"https:\/\/initiative.minderheiten.at\/wordpress\/?p=7685"},"modified":"2024-10-10T15:49:19","modified_gmt":"2024-10-10T13:49:19","slug":"private-quellen-zur-migrationsgeschichte-sammeln","status":"publish","type":"post","link":"https:\/\/initiative.minderheiten.at\/wordpress\/index.php\/2024\/10\/private-quellen-zur-migrationsgeschichte-sammeln\/","title":{"rendered":"<strong>Private Quellen zur Migrationsgeschichte sammeln<\/strong>"},"content":{"rendered":"\n<p><strong>Ein Workshop des Kooperationsprojektes SONIME am Phonogrammarchiv und der Universit\u00e4t f\u00fcr angewandte Kunst Wien mit \u00dcbergeber:innen von Audiobriefen<\/strong><\/p>\n\n\n\n<p>Ort: Am Stadtbalkon, Bloch-Bauer-Promenade 13, 1100 Wien<\/p>\n\n\n\n<p>Termin: Freitag, 18.10.2024, 10:00 bis 13:00 Uhr<\/p>\n\n\n\n<figure class=\"wp-block-image size-full is-resized\"><img decoding=\"async\" loading=\"lazy\" src=\"https:\/\/initiative.minderheiten.at\/wordpress\/wp-content\/uploads\/2024\/10\/Bildschirmfoto-2024-10-10-um-15.44.55-1.png\" alt=\"\" class=\"wp-image-7689\" width=\"301\" height=\"422\" srcset=\"https:\/\/initiative.minderheiten.at\/wordpress\/wp-content\/uploads\/2024\/10\/Bildschirmfoto-2024-10-10-um-15.44.55-1.png 522w, https:\/\/initiative.minderheiten.at\/wordpress\/wp-content\/uploads\/2024\/10\/Bildschirmfoto-2024-10-10-um-15.44.55-1-214x300.png 214w, https:\/\/initiative.minderheiten.at\/wordpress\/wp-content\/uploads\/2024\/10\/Bildschirmfoto-2024-10-10-um-15.44.55-1-520x729.png 520w\" sizes=\"(max-width: 301px) 100vw, 301px\" \/><\/figure>\n\n\n\n<p>Das Forschungsprojekt <a href=\"https:\/\/www.oeaw.ac.at\/phonogrammarchiv\/forschung\/material-culture-studies\/audio-letters-in-times-of-migration-and-mobility-sonime\" target=\"_blank\" rel=\"noreferrer noopener\" class=\"broken_link\">SONIME \u2013 Sonic Memories \u2013 Audio Letters in Times of Migration and Mobility<\/a> sammelt, restauriert und erforscht gesprochene Gru\u00dfbotschaften, Nachrichten und Briefe, die auf Kassetten, Tonb\u00e4ndern und anderen Medien privat aufgenommen wurden und per Post an Familie, Freund:innen und Bekannte verschickt wurden \u2013 ein bisschen so wie WhatsApp-Sprachnachrichten heute, nur analog in Form eines Objekts. Wir haben bereits viele solche H\u00f6r- und Sprechbriefe in Archiven gefunden und von \u00dcbergeber:innen bekommen.<\/p>\n\n\n\n<p>In dem partizipativen Workshop werden gemeinsam mit den Teilnehmer:innen \u00fcber die Besonderheiten der Dokumentation und \u00dcberlieferung von privaten Quellen zur Migrationsgeschichte nachgedacht. Bei der Archivierung dieser Zeugnisse von Migration und Mobilit\u00e4t stellen sich viele Fragen: Was ist in den Archiven \u00fcberhaupt \u00fcberliefert; wo gibt es Leerstellen? Wird die Perspektive der Migrant:innen, die diese privaten Quellen hergestellt haben, sichtbar? Wie m\u00f6chten \u00dcbergeber:innen selbst, dass ihre pers\u00f6nlichen Gegenst\u00e4nde in Zukunft erinnert werden? Und wie kann das Archiv diese Objekte im Sinne der \u00dcbergeber:innen dokumentieren und f\u00fcr die \u00d6ffentlichkeit zug\u00e4nglich machen? Bei dem dreist\u00fcndigen Workshop soll im kleinen Rahmen \u00fcber solche und weitere Frage diskutiert werden.<\/p>\n\n\n\n<p>Anmeldung per E-Mail an <a href=\"mailto:dominik.ivancic@uni-ak.ac.at\">dominik.ivancic@uni-ak.ac.at<\/a>.<\/p>\n\n\n\n<p>Die Teilnahme an der Veranstaltung ist kostenlos. <\/p>\n","protected":false},"excerpt":{"rendered":"<p>Ein Workshop des Kooperationsprojektes SONIME am Phonogrammarchiv und der Universit\u00e4t f\u00fcr angewandte Kunst Wien mit \u00dcbergeber:innen von Audiobriefen Ort: Am Stadtbalkon, Bloch-Bauer-Promenade 13, 1100 Wien Termin: Freitag, 18.10.2024, 10:00 bis 13:00 Uhr Das Forschungsprojekt SONIME \u2013 Sonic Memories \u2013 Audio&#46;&#46;&#46;<\/p>\n","protected":false},"author":5,"featured_media":7687,"comment_status":"closed","ping_status":"closed","sticky":false,"template":"","format":"standard","meta":[],"categories":[1,16],"tags":[],"distributor_meta":false,"distributor_terms":false,"distributor_media":false,"distributor_original_site_name":"Initiative Minderheiten","distributor_original_site_url":"https:\/\/initiative.minderheiten.at\/wordpress","_links":{"self":[{"href":"https:\/\/initiative.minderheiten.at\/wordpress\/index.php\/wp-json\/wp\/v2\/posts\/7685"}],"collection":[{"href":"https:\/\/initiative.minderheiten.at\/wordpress\/index.php\/wp-json\/wp\/v2\/posts"}],"about":[{"href":"https:\/\/initiative.minderheiten.at\/wordpress\/index.php\/wp-json\/wp\/v2\/types\/post"}],"author":[{"embeddable":true,"href":"https:\/\/initiative.minderheiten.at\/wordpress\/index.php\/wp-json\/wp\/v2\/users\/5"}],"replies":[{"embeddable":true,"href":"https:\/\/initiative.minderheiten.at\/wordpress\/index.php\/wp-json\/wp\/v2\/comments?post=7685"}],"version-history":[{"count":1,"href":"https:\/\/initiative.minderheiten.at\/wordpress\/index.php\/wp-json\/wp\/v2\/posts\/7685\/revisions"}],"predecessor-version":[{"id":7690,"href":"https:\/\/initiative.minderheiten.at\/wordpress\/index.php\/wp-json\/wp\/v2\/posts\/7685\/revisions\/7690"}],"wp:featuredmedia":[{"embeddable":true,"href":"https:\/\/initiative.minderheiten.at\/wordpress\/index.php\/wp-json\/wp\/v2\/media\/7687"}],"wp:attachment":[{"href":"https:\/\/initiative.minderheiten.at\/wordpress\/index.php\/wp-json\/wp\/v2\/media?parent=7685"}],"wp:term":[{"taxonomy":"category","embeddable":true,"href":"https:\/\/initiative.minderheiten.at\/wordpress\/index.php\/wp-json\/wp\/v2\/categories?post=7685"},{"taxonomy":"post_tag","embeddable":true,"href":"https:\/\/initiative.minderheiten.at\/wordpress\/index.php\/wp-json\/wp\/v2\/tags?post=7685"}],"curies":[{"name":"wp","href":"https:\/\/api.w.org\/{rel}","templated":true}]}}