{"id":7774,"date":"2025-01-08T10:30:24","date_gmt":"2025-01-08T09:30:24","guid":{"rendered":"https:\/\/initiative.minderheiten.at\/wordpress\/?p=7774"},"modified":"2025-01-09T16:37:47","modified_gmt":"2025-01-09T15:37:47","slug":"stimme-schwerpunktausgabe-100-jahre-behindertenbewegung-nunmehr-auf-englisch","status":"publish","type":"post","link":"https:\/\/initiative.minderheiten.at\/wordpress\/index.php\/2025\/01\/stimme-schwerpunktausgabe-100-jahre-behindertenbewegung-nunmehr-auf-englisch\/","title":{"rendered":"STIMME-Schwerpunktausgabe \u201e100 Jahre Behindertenbewegung\u201c jetzt auch auf Englisch"},"content":{"rendered":"\n<p>Wir freuen uns sehr, anzuk\u00fcndigen, dass die STIMME-Schwerpunktausgabe <a rel=\"noreferrer noopener\" href=\"https:\/\/stimme.minderheiten.at\/wordpress\/index.php\/stimme\/2020\/2816\" target=\"_blank\">&#8222;100 Jahre Behindertenbewegung&#8220;<\/a> aus dem Jahr 2020 (Nr. 115) jetzt auch auf Englisch in der barrierefreien digitalen Bibliothek von bidok verf\u00fcgbar ist.<\/p>\n\n\n\n<p><strong><a href=\"https:\/\/bidok.library.uibk.ac.at\/obvbidoa\/download\/pdf\/10629104\" target=\"_blank\" rel=\"noreferrer noopener\">100 Years of Disability Rights Activism in Austria &#8211; History of the Austrian Independent Living Movement<\/a><\/strong><\/p>\n\n\n\n<p>Flieger, Petra; Sch\u00f6nwiese, Volker; Wegscheider, Angela <\/p>\n\n\n\n<p>Innsbruck: bidok, 2024<\/p>\n\n\n\n<figure class=\"wp-block-image size-full\"><img decoding=\"async\" loading=\"lazy\" width=\"471\" height=\"652\" src=\"https:\/\/initiative.minderheiten.at\/wordpress\/wp-content\/uploads\/2025\/01\/Bildschirmfoto-2025-01-08-um-10.08.29.png\" alt=\"\" class=\"wp-image-7775\" srcset=\"https:\/\/initiative.minderheiten.at\/wordpress\/wp-content\/uploads\/2025\/01\/Bildschirmfoto-2025-01-08-um-10.08.29.png 471w, https:\/\/initiative.minderheiten.at\/wordpress\/wp-content\/uploads\/2025\/01\/Bildschirmfoto-2025-01-08-um-10.08.29-217x300.png 217w\" sizes=\"(max-width: 471px) 100vw, 471px\" \/><\/figure>\n\n\n\n<p><\/p>\n\n\n\n<p><\/p>\n\n\n\n<p>Die Schwerpunkte von <a href=\"https:\/\/bidok.uibk.ac.at\/\" target=\"_blank\" rel=\"noreferrer noopener\">bidok<\/a> sind Behinderung und Inklusion. Sie umfasst neben wissenschaftlichen Beitr\u00e4gen auch Texte mit gesellschaftspolitischen oder k\u00fcnstlerischen Inhalten. In der Bibliothek sind sowohl Texte in schwerer als auch in leichter Sprache verf\u00fcgbar.<\/p>\n\n\n\n<h1><br><\/h1>\n","protected":false},"excerpt":{"rendered":"<p>Wir freuen uns sehr, anzuk\u00fcndigen, dass die STIMME-Schwerpunktausgabe &#8222;100 Jahre Behindertenbewegung&#8220; aus dem Jahr 2020 (Nr. 115) jetzt auch auf Englisch in der barrierefreien digitalen Bibliothek von bidok verf\u00fcgbar ist. 100 Years of Disability Rights Activism in Austria &#8211; History&#46;&#46;&#46;<\/p>\n","protected":false},"author":5,"featured_media":7775,"comment_status":"closed","ping_status":"closed","sticky":false,"template":"","format":"standard","meta":[],"categories":[1,16],"tags":[],"distributor_meta":false,"distributor_terms":false,"distributor_media":false,"distributor_original_site_name":"Initiative Minderheiten","distributor_original_site_url":"https:\/\/initiative.minderheiten.at\/wordpress","_links":{"self":[{"href":"https:\/\/initiative.minderheiten.at\/wordpress\/index.php\/wp-json\/wp\/v2\/posts\/7774"}],"collection":[{"href":"https:\/\/initiative.minderheiten.at\/wordpress\/index.php\/wp-json\/wp\/v2\/posts"}],"about":[{"href":"https:\/\/initiative.minderheiten.at\/wordpress\/index.php\/wp-json\/wp\/v2\/types\/post"}],"author":[{"embeddable":true,"href":"https:\/\/initiative.minderheiten.at\/wordpress\/index.php\/wp-json\/wp\/v2\/users\/5"}],"replies":[{"embeddable":true,"href":"https:\/\/initiative.minderheiten.at\/wordpress\/index.php\/wp-json\/wp\/v2\/comments?post=7774"}],"version-history":[{"count":7,"href":"https:\/\/initiative.minderheiten.at\/wordpress\/index.php\/wp-json\/wp\/v2\/posts\/7774\/revisions"}],"predecessor-version":[{"id":7880,"href":"https:\/\/initiative.minderheiten.at\/wordpress\/index.php\/wp-json\/wp\/v2\/posts\/7774\/revisions\/7880"}],"wp:featuredmedia":[{"embeddable":true,"href":"https:\/\/initiative.minderheiten.at\/wordpress\/index.php\/wp-json\/wp\/v2\/media\/7775"}],"wp:attachment":[{"href":"https:\/\/initiative.minderheiten.at\/wordpress\/index.php\/wp-json\/wp\/v2\/media?parent=7774"}],"wp:term":[{"taxonomy":"category","embeddable":true,"href":"https:\/\/initiative.minderheiten.at\/wordpress\/index.php\/wp-json\/wp\/v2\/categories?post=7774"},{"taxonomy":"post_tag","embeddable":true,"href":"https:\/\/initiative.minderheiten.at\/wordpress\/index.php\/wp-json\/wp\/v2\/tags?post=7774"}],"curies":[{"name":"wp","href":"https:\/\/api.w.org\/{rel}","templated":true}]}}