{"id":8265,"date":"2025-03-23T15:17:00","date_gmt":"2025-03-23T14:17:00","guid":{"rendered":"https:\/\/initiative.minderheiten.at\/wordpress\/?p=8265"},"modified":"2025-08-29T11:40:55","modified_gmt":"2025-08-29T09:40:55","slug":"radio-stimme-aktuell-4","status":"publish","type":"post","link":"https:\/\/initiative.minderheiten.at\/wordpress\/index.php\/2025\/03\/radio-stimme-aktuell-4\/","title":{"rendered":"Radio STIMME: Politische Kunst und Musik"},"content":{"rendered":"\n<p>In dieser Sendung vom Februar 2022 geht es um politische Kunst und Musik und die Frage, wie verschiedene K\u00fcnstler*innen ihre Arbeit als politisches Medium nutzen, nicht zuletzt, um gegen Unterdr\u00fcckung zu protestieren. In zwei Beitr\u00e4gen setzen wir uns damit auseinander, was die K\u00fcnstler*innen zu ihrer Arbeit motiviert, welche Macht Kunst haben kann, welche Herausforderungen ihnen begegnen und was sie sich von ihrer Arbeit erhoffen. Zun\u00e4chst sprechen wir dazu mit der Social Media K\u00fcnstlerin Heba aka @fathom_the_road, deren Zeichnungen international auf Missst\u00e4nde aufmerksam machen und die immer wieder in den Accounts von Celebrities, in Magazinen und auf der Stra\u00dfe in verschiedenen Protestbewegungen auftauchen. Im Anschluss folgt ein Gespr\u00e4ch mit zwei pal\u00e4stinensischen K\u00fcnstlern in Wien, Asifeh und Firas Shehadeh, deren Musik auch in unserer Sendung zu h\u00f6ren ist. Mit ihnen sprechen wir unter anderem dar\u00fcber, was f\u00fcr sie Protest mit Musik zu tun hat und wie ihre Herkunft diese beeinflusst. Es handelt sich um eine Wiederholung vom 1. Februar 2022.<\/p>\n\n\n\n<p><a href=\"https:\/\/www.radiostimme.at\/encore-the-art-of-revolution\/\">Sendungsdetails und Nachh\u00f6ren<\/a><\/p>\n\n\n\n<p><a rel=\"noreferrer noopener\" href=\"https:\/\/www.radiostimme.at\/\" target=\"_blank\">Radio STIMME<\/a><\/p>\n\n\n\n<figure class=\"wp-block-image size-full is-resized\"><img decoding=\"async\" loading=\"lazy\" src=\"https:\/\/initiative.minderheiten.at\/wordpress\/wp-content\/uploads\/2025\/04\/rast-logo-2011.png\" alt=\"\" class=\"wp-image-8268\" width=\"300\" height=\"300\" srcset=\"https:\/\/initiative.minderheiten.at\/wordpress\/wp-content\/uploads\/2025\/04\/rast-logo-2011.png 511w, https:\/\/initiative.minderheiten.at\/wordpress\/wp-content\/uploads\/2025\/04\/rast-logo-2011-300x300.png 300w, https:\/\/initiative.minderheiten.at\/wordpress\/wp-content\/uploads\/2025\/04\/rast-logo-2011-150x150.png 150w, https:\/\/initiative.minderheiten.at\/wordpress\/wp-content\/uploads\/2025\/04\/rast-logo-2011-160x160.png 160w, https:\/\/initiative.minderheiten.at\/wordpress\/wp-content\/uploads\/2025\/04\/rast-logo-2011-320x320.png 320w\" sizes=\"(max-width: 300px) 100vw, 300px\" \/><\/figure>\n","protected":false},"excerpt":{"rendered":"<p>In dieser Sendung vom Februar 2022 geht es um politische Kunst und Musik und die Frage, wie verschiedene K\u00fcnstler*innen ihre Arbeit als politisches Medium nutzen, nicht zuletzt, um gegen Unterdr\u00fcckung zu protestieren. In zwei Beitr\u00e4gen setzen wir uns damit auseinander,&#46;&#46;&#46;<\/p>\n","protected":false},"author":4,"featured_media":8268,"comment_status":"closed","ping_status":"closed","sticky":false,"template":"","format":"standard","meta":[],"categories":[1,16],"tags":[],"distributor_meta":false,"distributor_terms":false,"distributor_media":false,"distributor_original_site_name":"Initiative Minderheiten","distributor_original_site_url":"https:\/\/initiative.minderheiten.at\/wordpress","_links":{"self":[{"href":"https:\/\/initiative.minderheiten.at\/wordpress\/index.php\/wp-json\/wp\/v2\/posts\/8265"}],"collection":[{"href":"https:\/\/initiative.minderheiten.at\/wordpress\/index.php\/wp-json\/wp\/v2\/posts"}],"about":[{"href":"https:\/\/initiative.minderheiten.at\/wordpress\/index.php\/wp-json\/wp\/v2\/types\/post"}],"author":[{"embeddable":true,"href":"https:\/\/initiative.minderheiten.at\/wordpress\/index.php\/wp-json\/wp\/v2\/users\/4"}],"replies":[{"embeddable":true,"href":"https:\/\/initiative.minderheiten.at\/wordpress\/index.php\/wp-json\/wp\/v2\/comments?post=8265"}],"version-history":[{"count":3,"href":"https:\/\/initiative.minderheiten.at\/wordpress\/index.php\/wp-json\/wp\/v2\/posts\/8265\/revisions"}],"predecessor-version":[{"id":9662,"href":"https:\/\/initiative.minderheiten.at\/wordpress\/index.php\/wp-json\/wp\/v2\/posts\/8265\/revisions\/9662"}],"wp:featuredmedia":[{"embeddable":true,"href":"https:\/\/initiative.minderheiten.at\/wordpress\/index.php\/wp-json\/wp\/v2\/media\/8268"}],"wp:attachment":[{"href":"https:\/\/initiative.minderheiten.at\/wordpress\/index.php\/wp-json\/wp\/v2\/media?parent=8265"}],"wp:term":[{"taxonomy":"category","embeddable":true,"href":"https:\/\/initiative.minderheiten.at\/wordpress\/index.php\/wp-json\/wp\/v2\/categories?post=8265"},{"taxonomy":"post_tag","embeddable":true,"href":"https:\/\/initiative.minderheiten.at\/wordpress\/index.php\/wp-json\/wp\/v2\/tags?post=8265"}],"curies":[{"name":"wp","href":"https:\/\/api.w.org\/{rel}","templated":true}]}}