{"id":8728,"date":"2025-04-15T13:26:07","date_gmt":"2025-04-15T11:26:07","guid":{"rendered":"https:\/\/initiative.minderheiten.at\/wordpress\/?p=8728"},"modified":"2025-08-23T14:34:00","modified_gmt":"2025-08-23T12:34:00","slug":"veranstaltungen-2024","status":"publish","type":"post","link":"https:\/\/initiative.minderheiten.at\/wordpress\/index.php\/2025\/04\/veranstaltungen-2024\/","title":{"rendered":"VERANSTALTUNGEN 2024"},"content":{"rendered":"\n<figure class=\"wp-block-image size-full is-resized\"><img decoding=\"async\" loading=\"lazy\" src=\"https:\/\/initiative.minderheiten.at\/wordpress\/wp-content\/uploads\/2025\/08\/Ero\u0308ffnung-5.png\" alt=\"\" class=\"wp-image-8866\" width=\"459\" height=\"457\" srcset=\"https:\/\/initiative.minderheiten.at\/wordpress\/wp-content\/uploads\/2025\/08\/Ero\u0308ffnung-5.png 521w, https:\/\/initiative.minderheiten.at\/wordpress\/wp-content\/uploads\/2025\/08\/Ero\u0308ffnung-5-300x300.png 300w, https:\/\/initiative.minderheiten.at\/wordpress\/wp-content\/uploads\/2025\/08\/Ero\u0308ffnung-5-150x150.png 150w, https:\/\/initiative.minderheiten.at\/wordpress\/wp-content\/uploads\/2025\/08\/Ero\u0308ffnung-5-160x160.png 160w, https:\/\/initiative.minderheiten.at\/wordpress\/wp-content\/uploads\/2025\/08\/Ero\u0308ffnung-5-320x320.png 320w\" sizes=\"(max-width: 459px) 100vw, 459px\" \/><figcaption class=\"wp-element-caption\">Er\u00f6ffnung &#8222;Man will uns ans Leben&#8220;, Fotos: Sabine Schwaighofer<\/figcaption><\/figure>\n\n\n\n<p><\/p>\n\n\n\n<p>Rahmenprogramm zur Wanderausstellung: <a href=\"https:\/\/initiative.minderheiten.at\/wordpress\/index.php\/2024\/04\/ausstellungbomben-gegen-minderheiten-rechter-terror-1993-1996\/\">\u201eMan will uns ans Leben\u201c | Bomben gegen Minderheiten 1993\u20131996<\/a><\/p>\n\n\n\n<p><\/p>\n\n\n\n<p>22.04.2024&nbsp;&nbsp;&nbsp;&nbsp;&nbsp;&nbsp; Ausstellungsf\u00fchrung f\u00fcr das Vermittlungsteam des Volkskundemuseums<\/p>\n\n\n\n<p>23.04.2024&nbsp;&nbsp;&nbsp;&nbsp;&nbsp;&nbsp; <a href=\"https:\/\/initiative.minderheiten.at\/wordpress\/index.php\/2024\/04\/ausstellungseroeffnung-man-will-uns-ans-leben-bomben-gegen-minderheiten-1993-1996-im-volkskundemuseum-wien\/\">Ausstellungser\u00f6ffnung<\/a> \u201eMan will uns ans Leben\u201c | Bomben gegen Minderheiten 1993\u20131996<\/p>\n\n\n\n<p>06.05.2024 &nbsp;&nbsp;&nbsp;&nbsp;&nbsp; Kuratorinnenf\u00fchrung<\/p>\n\n\n\n<p>06.05.2024 &nbsp;&nbsp;&nbsp;&nbsp;&nbsp; Podiumsdiskussion und Pr\u00e4sentation der STIMME <a href=\"https:\/\/initiative.minderheiten.at\/wordpress\/index.php\/2024\/04\/praesentation-der-ausgabe-der-stimme-130-im-rahmen-unserer-ausstellung-man-will-uns-ans-leben-am-06-05-24-im-volkskundemuseum-wien\/\">\u201eRechtsextremismus dr\u00e4ngt in die Mitte\u201c<\/a> u.a. im Rahmen der Aktionstage Politische Bildung<\/p>\n\n\n\n<p>07.05.2024 &nbsp;&nbsp;&nbsp;&nbsp;&nbsp; F\u00fchrung f\u00fcr das Slowenische Institut und das Institut f\u00fcr \u00d6sterreichkunde<\/p>\n\n\n\n<p>12.05.2024 &nbsp;&nbsp;&nbsp;&nbsp;&nbsp; Zeitzeuginnenf\u00fchrung mit Jo\u017ea Messner, Mitinitiator der zweisprachigen \u00f6ffentlichen Schule in Klagenfurt\/Celovec<\/p>\n\n\n\n<p>13.06.2024 &nbsp;&nbsp;&nbsp;&nbsp;&nbsp; Workshop <a href=\"https:\/\/initiative.minderheiten.at\/wordpress\/index.php\/2024\/06\/rechtsextremismus-damals-und-heute-workshop-im-rahmen-der-ausstellung-man-will-uns-ans-leben\/\">\u201eRechtsextremismus damals und heute\u201c<\/a> in Kooperation mit dem Dokumentationsarchiv des \u00f6sterreichischen Widerstandes, d\u00f6w (Bianca K\u00e4mpf, Trainerin des d\u00f6w)<\/p>\n\n\n\n<p>16.05.2024&nbsp;&nbsp;&nbsp;&nbsp;&nbsp;&nbsp; Kuratorinnenf\u00fchrung f\u00fcr Mitarbeiter*innen von Wien Extra<\/p>\n\n\n\n<p>21.06.2024 &nbsp;&nbsp;&nbsp;&nbsp;&nbsp; Kuratorinnenf\u00fchrung f\u00fcr Ausstellungsbeteiligte<\/p>\n\n\n\n<p>25.06.2024&nbsp;&nbsp;&nbsp;&nbsp;&nbsp;&nbsp; Kuratorinnenf\u00fchrung f\u00fcr Mitglieder des Aktionsradius Wien<\/p>\n\n\n\n<p>27.06.2024 &nbsp;&nbsp;&nbsp;&nbsp;&nbsp; <a href=\"https:\/\/initiative.minderheiten.at\/wordpress\/index.php\/2024\/06\/vida-bakondy-im-gespraech-mit-dem-fotografen-christian-fischer\/\">Zeitzeug*innenf\u00fchrung<\/a> mit dem Fotografen Christian Fischer (Vida Bakondy)<\/p>\n\n\n\n<p>27.06.2024 &nbsp;&nbsp;&nbsp;&nbsp;&nbsp; Podiumsdiskussion: <a href=\"https:\/\/initiative.minderheiten.at\/wordpress\/index.php\/2024\/06\/podiumsdiskussion-wir-muessen-etwas-tun-zivilgesellschaftlicher-widerstand-gegen-rechts-1993-2024\/\">\u201eWir m\u00fcssen etwas tun\u201c. Zivilgesellschaftlicher Widerstand gegen rechts 1993 | 2024<\/a><\/p>\n\n\n\n<p>02.07.2024&nbsp;&nbsp;&nbsp;&nbsp;&nbsp;&nbsp; Kuratorinnenf\u00fchrung<\/p>\n\n\n\n<p>14.08.2024&nbsp;&nbsp;&nbsp;&nbsp;&nbsp;&nbsp; Kuratorinnenf\u00fchrung f\u00fcr das Vermittlungsteam des Hauses der Geschichte \u00d6sterreich, hdg\u00f6<\/p>\n\n\n\n<p>25.08.2024&nbsp;&nbsp;&nbsp;&nbsp;&nbsp;&nbsp; Kuratorinnenf\u00fchrung<\/p>\n\n\n\n<p>Die Ausstellung war Teil des Programms des Volkskundemuseum <a href=\"https:\/\/www.volkskundemuseum.at\/before_it_gets_better\">before it gets better &#8230;<\/a> <\/p>\n\n\n\n<p><em>ORT: Volkskundemuseum Wien | Ausstellungslaufzeit 24. 04. \u2013 25. 08. 2024<\/em><strong><br><\/strong><\/p>\n\n\n\n<hr class=\"wp-block-separator has-alpha-channel-opacity\" \/>\n\n\n\n<p>19.09.2024 &nbsp;&nbsp;&nbsp;&nbsp;&nbsp; <a href=\"https:\/\/initiative.minderheiten.at\/wordpress\/index.php\/2024\/09\/19-9-2024-18-uhr-ausstellungseroeffnung-man-will-uns-ans-leben-im-kaernten-museum\/\">Ausstellungser\u00f6ffnung<\/a> durch Landeshauptmann Peter Kaiser<\/p>\n\n\n\n<p>05.10.2024 &nbsp;&nbsp;&nbsp;&nbsp;&nbsp; F\u00fchrung im Rahmen der <a href=\"https:\/\/kaernten.orf.at\/stories\/3276059\/\">\u201eLangen Nacht der Museen\u201c<\/a><\/p>\n\n\n\n<p>23.09.2024 &nbsp;&nbsp;&nbsp;&nbsp;&nbsp; F\u00fchrung f\u00fcr Museumsmitarbeiter*innen und Vermittler*innen<\/p>\n\n\n\n<p>23.09.2024 &nbsp;&nbsp;&nbsp;&nbsp;&nbsp; Kuratorinnenf\u00fchrung<\/p>\n\n\n\n<p>15.10.2024 &nbsp;&nbsp;&nbsp;&nbsp;&nbsp; F\u00fchrung f\u00fcr Mitarbeiter*innen der ARGE-Region Kultur<\/p>\n\n\n\n<p>17.10.2024&nbsp;&nbsp;&nbsp;&nbsp;&nbsp;&nbsp; Workshop <a href=\"https:\/\/landesmuseum.ktn.gv.at\/kalender?eid=1453\">\u201eRechtsextremismus damals und heute\u201c<\/a> in Kooperation mit dem Dokumentationsarchiv d. \u00f6sterr. Widerstandes, d\u00f6w (Bianca K\u00e4mpf, Trainerin des d\u00f6w), (aufgrund von Krankheit ausgefallen)<\/p>\n\n\n\n<p>18.10.2024&nbsp;&nbsp;&nbsp;&nbsp;&nbsp;&nbsp; Workshop <a href=\"https:\/\/landesmuseum.ktn.gv.at\/kalender?eid=1454\">\u201eRechtsextremismus damals und heute\u201c<\/a> in Kooperation mit dem Dokumentationsarchiv d. \u00f6sterr. Widerstandes, d\u00f6w (Bianca K\u00e4mpf, Trainerin des d\u00f6w), (aufgrund von Krankheit ausgefallen)<\/p>\n\n\n\n<p>20.11.2024 &nbsp;&nbsp;&nbsp;&nbsp;&nbsp; Kuratorinnenf\u00fchrung<\/p>\n\n\n\n<p>20.11.2024&nbsp;&nbsp;&nbsp;&nbsp;&nbsp;&nbsp; Podiumsdiskussion <a href=\"https:\/\/initiative.minderheiten.at\/wordpress\/index.php\/2024\/11\/kuratorinnenfuehrung-und-podiumsdiskussion-am-20-11-2024-im-kaernten-museum-klagenfurt\/\">\u201eDas verdr\u00e4ngte Trauma\u201c<\/a><\/p>\n\n\n\n<p><em>ORT: k\u00e4rnten.museum Klagenfurt\/Celovec | Ausstellungslaufzeit 19. 09. \u2013 24. 11. 2024<\/em><\/p>\n\n\n\n<hr class=\"wp-block-separator has-alpha-channel-opacity\" \/>\n\n\n\n<p>12.12.2024&nbsp;&nbsp;&nbsp;&nbsp;&nbsp;&nbsp; Filmpr\u00e4sentation und Gespr\u00e4ch mit Protagonist*innen: <a href=\"https:\/\/initiative.minderheiten.at\/wordpress\/index.php\/2024\/12\/filmpraesentation-gespraech-dass-wir-ihre-stimmen-weitertragen-minderheitenkaempfe-aktivismus-und-erinnerung\/\">\u201eDass wir ihre Stimmen weitertragen\u201c | Minderheitenk\u00e4mpfe. Aktivismus und Erinnerung<\/a><\/p>\n\n\n\n<p><em>Ort: P\u00e4dagogischen Hochschule Wien<\/em><\/p>\n\n\n\n<hr class=\"wp-block-separator has-alpha-channel-opacity\" \/>\n\n\n\n<p>Wanderausstellung: <a rel=\"noreferrer noopener\" href=\"https:\/\/initiative.minderheiten.at\/wordpress\/index.php\/2024\/04\/wanderausstellung-was-wir-fordern-minderheitenbewegungen-in-oesterreich\/\" target=\"_blank\">Was wir fordern! Minderheitenbewegungen in \u00d6sterreich<\/a><\/p>\n\n\n\n<p>27.02. \u2013 30.06.2024: AHS-Simmering<\/p>\n\n\n\n<p>10.09.2024 \u2013 30.01.2025: P\u00e4dagogische Hochschule-Wien<\/p>\n\n\n\n<p>10.09.2024: &nbsp;&nbsp;&nbsp;&nbsp; Ausstellungser\u00f6ffnung an der P\u00e4dagogischen Hochschule Wien im Rahmen der <a href=\"https:\/\/phwien.ac.at\/aktuelles\/ude-follow-up-an-der-ph-wien-fachtagung-zu-diversitat-und-inklusion-am-10-und-11-september-2024\/\">UDE-Follow-up Fachtagung zu Diversit\u00e4t und Inklusion<\/a>.<\/p>\n\n\n\n<p><a href=\"https:\/\/phwien.ac.at\/wp-content\/uploads\/2024\/09\/Programm_UDE_Follow_up_final-1.pdf\">PROGRAMM<\/a>&nbsp;&nbsp;&nbsp;&nbsp;&nbsp;&nbsp;&nbsp;&nbsp;&nbsp;&nbsp;&nbsp;&nbsp;&nbsp;&nbsp;&nbsp;&nbsp;&nbsp;&nbsp; <\/p>\n\n\n\n<hr class=\"wp-block-separator has-alpha-channel-opacity\" \/>\n\n\n\n<p>27.06.2024: &nbsp;&nbsp;&nbsp;&nbsp; Workshop des queeren K\u00fcnstlers und Roma-Aktivisten <a href=\"https:\/\/www.derstandard.at\/story\/3000000187437\/belvedere-art-award-preistraeger-robert-gabris-trifft-den-puls-der-zeit\">Robert Gabris<\/a> mit Jugendlichen des Romano Centro in der Ausstellung <a href=\"https:\/\/www.mumok.at\/ausstellungen\/avant-garde-and-liberation\">Avant-garde and Liberation<\/a> im mumok.<\/p>\n\n\n\n<hr class=\"wp-block-separator has-alpha-channel-opacity\" \/>\n\n\n\n<p>Alle Veranstaltungen sind bei freiem Eintritt barrierefrei zug\u00e4nglich!<\/p>\n\n\n\n<hr class=\"wp-block-separator has-alpha-channel-opacity\" \/>\n\n\n\n<p>Gef\u00f6rdert aus folgenden Mitteln:<\/p>\n\n\n\n<p><a rel=\"noreferrer noopener\" href=\"https:\/\/erwachsenenbildung.at\/\" target=\"_blank\">BMFWF \u2013 Abt. Erwachsenenbildung<\/a><\/p>\n\n\n\n<p><a href=\"https:\/\/www.sozialministerium.gv.at\/\" target=\"_blank\" rel=\"noreferrer noopener\">Sozialministerium<\/a><\/p>\n\n\n\n<p><a href=\"https:\/\/www.bmwkms.gv.at\/\" target=\"_blank\" rel=\"noreferrer noopener\">BMWKMS<\/a><\/p>\n\n\n\n<p><a href=\"https:\/\/shift.wien\/projekte\/\" target=\"_blank\" rel=\"noreferrer noopener\">SHIFT-Programm der Stadt Wien<\/a><\/p>\n\n\n\n<p><a href=\"http:\/\/www.zukunftsfonds-austria.at\/\" target=\"_blank\" rel=\"noreferrer noopener\">Zukunftsfonds der Republik \u00d6sterreich<\/a><\/p>\n\n\n\n<p><\/p>\n\n\n\n<figure class=\"wp-block-image size-large is-resized\"><img decoding=\"async\" loading=\"lazy\" src=\"https:\/\/initiative.minderheiten.at\/wordpress\/wp-content\/uploads\/2024\/06\/BMFWF_Logo-1024x348.jpg\" alt=\"\" class=\"wp-image-9203\" width=\"222\" height=\"75\" srcset=\"https:\/\/initiative.minderheiten.at\/wordpress\/wp-content\/uploads\/2024\/06\/BMFWF_Logo-1024x348.jpg 1024w, https:\/\/initiative.minderheiten.at\/wordpress\/wp-content\/uploads\/2024\/06\/BMFWF_Logo-300x102.jpg 300w, https:\/\/initiative.minderheiten.at\/wordpress\/wp-content\/uploads\/2024\/06\/BMFWF_Logo-768x261.jpg 768w, https:\/\/initiative.minderheiten.at\/wordpress\/wp-content\/uploads\/2024\/06\/BMFWF_Logo-520x177.jpg 520w, https:\/\/initiative.minderheiten.at\/wordpress\/wp-content\/uploads\/2024\/06\/BMFWF_Logo.jpg 1361w\" sizes=\"(max-width: 222px) 100vw, 222px\" \/><\/figure>\n\n\n\n<figure class=\"wp-block-image size-large is-resized\"><img decoding=\"async\" loading=\"lazy\" src=\"https:\/\/initiative.minderheiten.at\/wordpress\/wp-content\/uploads\/2024\/06\/BMASGPK_Logo_srgb-1-1024x258.png\" alt=\"\" class=\"wp-image-9205\" width=\"267\" height=\"67\" \/><\/figure>\n\n\n\n<figure class=\"wp-block-image size-large is-resized\"><img decoding=\"async\" loading=\"lazy\" src=\"https:\/\/initiative.minderheiten.at\/wordpress\/wp-content\/uploads\/2024\/06\/BMWKMS_Logo_srgb-1024x333.png\" alt=\"\" class=\"wp-image-9207\" width=\"222\" height=\"71\" srcset=\"https:\/\/initiative.minderheiten.at\/wordpress\/wp-content\/uploads\/2024\/06\/BMWKMS_Logo_srgb-1024x333.png 1024w, https:\/\/initiative.minderheiten.at\/wordpress\/wp-content\/uploads\/2024\/06\/BMWKMS_Logo_srgb-768x250.png 768w, https:\/\/initiative.minderheiten.at\/wordpress\/wp-content\/uploads\/2024\/06\/BMWKMS_Logo_srgb-520x169.png 520w, https:\/\/initiative.minderheiten.at\/wordpress\/wp-content\/uploads\/2024\/06\/BMWKMS_Logo_srgb.png 1423w\" sizes=\"(max-width: 222px) 100vw, 222px\" \/><\/figure>\n\n\n\n<figure class=\"wp-block-image size-full is-resized\"><img decoding=\"async\" loading=\"lazy\" src=\"https:\/\/initiative.minderheiten.at\/wordpress\/wp-content\/uploads\/2025\/04\/Bildschirmfoto-2025-08-22-um-18.05.30.png\" alt=\"\" class=\"wp-image-9224\" width=\"111\" height=\"112\" \/><\/figure>\n\n\n\n<figure class=\"wp-block-image size-full is-resized\"><img decoding=\"async\" loading=\"lazy\" src=\"https:\/\/initiative.minderheiten.at\/wordpress\/wp-content\/uploads\/2025\/04\/Bildschirmfoto-2025-08-22-um-18.04.25.png\" alt=\"\" class=\"wp-image-9225\" width=\"151\" height=\"59\" srcset=\"https:\/\/initiative.minderheiten.at\/wordpress\/wp-content\/uploads\/2025\/04\/Bildschirmfoto-2025-08-22-um-18.04.25.png 859w, https:\/\/initiative.minderheiten.at\/wordpress\/wp-content\/uploads\/2025\/04\/Bildschirmfoto-2025-08-22-um-18.04.25-300x119.png 300w, https:\/\/initiative.minderheiten.at\/wordpress\/wp-content\/uploads\/2025\/04\/Bildschirmfoto-2025-08-22-um-18.04.25-768x306.png 768w, https:\/\/initiative.minderheiten.at\/wordpress\/wp-content\/uploads\/2025\/04\/Bildschirmfoto-2025-08-22-um-18.04.25-520x207.png 520w\" sizes=\"(max-width: 151px) 100vw, 151px\" \/><\/figure>\n","protected":false},"excerpt":{"rendered":"<p>Rahmenprogramm zur Wanderausstellung: \u201eMan will uns ans Leben\u201c | Bomben gegen Minderheiten 1993\u20131996 22.04.2024&nbsp;&nbsp;&nbsp;&nbsp;&nbsp;&nbsp; Ausstellungsf\u00fchrung f\u00fcr das Vermittlungsteam des Volkskundemuseums 23.04.2024&nbsp;&nbsp;&nbsp;&nbsp;&nbsp;&nbsp; Ausstellungser\u00f6ffnung \u201eMan will uns ans Leben\u201c | Bomben gegen Minderheiten 1993\u20131996 06.05.2024 &nbsp;&nbsp;&nbsp;&nbsp;&nbsp; Kuratorinnenf\u00fchrung 06.05.2024 &nbsp;&nbsp;&nbsp;&nbsp;&nbsp; Podiumsdiskussion und Pr\u00e4sentation&#46;&#46;&#46;<\/p>\n","protected":false},"author":5,"featured_media":8866,"comment_status":"closed","ping_status":"closed","sticky":false,"template":"","format":"standard","meta":[],"categories":[49],"tags":[],"distributor_meta":false,"distributor_terms":false,"distributor_media":false,"distributor_original_site_name":"Initiative Minderheiten","distributor_original_site_url":"https:\/\/initiative.minderheiten.at\/wordpress","_links":{"self":[{"href":"https:\/\/initiative.minderheiten.at\/wordpress\/index.php\/wp-json\/wp\/v2\/posts\/8728"}],"collection":[{"href":"https:\/\/initiative.minderheiten.at\/wordpress\/index.php\/wp-json\/wp\/v2\/posts"}],"about":[{"href":"https:\/\/initiative.minderheiten.at\/wordpress\/index.php\/wp-json\/wp\/v2\/types\/post"}],"author":[{"embeddable":true,"href":"https:\/\/initiative.minderheiten.at\/wordpress\/index.php\/wp-json\/wp\/v2\/users\/5"}],"replies":[{"embeddable":true,"href":"https:\/\/initiative.minderheiten.at\/wordpress\/index.php\/wp-json\/wp\/v2\/comments?post=8728"}],"version-history":[{"count":17,"href":"https:\/\/initiative.minderheiten.at\/wordpress\/index.php\/wp-json\/wp\/v2\/posts\/8728\/revisions"}],"predecessor-version":[{"id":9289,"href":"https:\/\/initiative.minderheiten.at\/wordpress\/index.php\/wp-json\/wp\/v2\/posts\/8728\/revisions\/9289"}],"wp:featuredmedia":[{"embeddable":true,"href":"https:\/\/initiative.minderheiten.at\/wordpress\/index.php\/wp-json\/wp\/v2\/media\/8866"}],"wp:attachment":[{"href":"https:\/\/initiative.minderheiten.at\/wordpress\/index.php\/wp-json\/wp\/v2\/media?parent=8728"}],"wp:term":[{"taxonomy":"category","embeddable":true,"href":"https:\/\/initiative.minderheiten.at\/wordpress\/index.php\/wp-json\/wp\/v2\/categories?post=8728"},{"taxonomy":"post_tag","embeddable":true,"href":"https:\/\/initiative.minderheiten.at\/wordpress\/index.php\/wp-json\/wp\/v2\/tags?post=8728"}],"curies":[{"name":"wp","href":"https:\/\/api.w.org\/{rel}","templated":true}]}}